{"id":2192,"date":"2017-10-12T15:35:52","date_gmt":"2017-10-12T13:35:52","guid":{"rendered":"http:\/\/sospecial.pl\/?p=2192"},"modified":"2018-01-20T16:13:45","modified_gmt":"2018-01-20T15:13:45","slug":"warsztaty-koloru-pyszna-kolacja-restauracji-superiore","status":"publish","type":"post","link":"https:\/\/sospecial.pl\/en\/warsztaty-koloru-pyszna-kolacja-restauracji-superiore\/","title":{"rendered":"INSPIRATIONAL STYLE WORKSHOPS AT SUPERIORE RESTAURANT"},"content":{"rendered":"<p>&nbsp;<\/p>\n<h2><strong>CHCESZ ODCZAROWA\u0106 SMUTN\u0104 JESIENN\u0104 AUR\u0118 I DODA\u0106 JEJ SMAKU I KOLORU?<\/strong><\/h2>\n<p>Restauracja Superiore\u00a0 wraz ze stylistk\u0105 Joann\u0105 Lelejko SoSpecial.pl zapraszaj\u0105 ju\u017c 15 pa\u017adziernika, godz. 17:00 na\u00a0Stylowy Wiecz\u00f3r z Winem.<b><br \/>\n<\/b><\/p>\n<p><b>W programie:<\/b><\/p>\n<p><b>Welcome<\/b> <b>drink: <\/b>Prossecco<\/p>\n<p><b>Trzydaniowa kolacja: <\/b><\/p>\n<ul>\n<li>Przystawka: Karczochy z szafranem, sosem Romesco i serem Manchego<\/li>\n<li>Danie g\u0142\u00f3wne: Schab jagni\u0119cy z rydzami, kabaczkiem i pasternakiem oraz kieliszek wina<\/li>\n<li>Deser: Tarta gruszkowa z lodami karmelowymi<\/li>\n<\/ul>\n<p><b>Dodatkowo dowiesz <\/b><b>si\u0119<\/b><b>\u2026<\/b><\/p>\n<ul>\n<li>jakie kolory pasuj\u0105 do r\u00f3\u017cnych typ\u00f3w urody<\/li>\n<li>\u017ce bia\u0142y bia\u0142emu nier\u00f3wny<\/li>\n<li>jak NIE nosi\u0107 koloru czarnego<\/li>\n<li>jak kolory potrafi\u0105 zmieni\u0107 zwyk\u0142e stroje w wyj\u0105tkowe, robi\u0105ce wra\u017cenie stylizacje<\/li>\n<\/ul>\n<p>Po warsztatach og\u00f3lnych go\u015bcie mog\u0105 skorzysta\u0107 z kr\u00f3tkich indywidualnych konsultacji ze stylistk\u0105.<\/p>\n<p><b>Adres: Pi\u0119kna 28\/34 <\/b><b>W-<\/b><b>wa<\/b><b>\u00a0\u00a0\u00a0\u00a0\u00a0\u00a0\u00a0 <\/b><\/p>\n<p><b>Cena<\/b><b>: 90 PLN <\/b><b>\u00a0\u00a0\u00a0\u00a0\u00a0\u00a0\u00a0\u00a0<\/b><\/p>\n<p><b>Rezerwacje: 506 <\/b><b>40 40 <\/b><b>59 lub <\/b><u><b>info@superiorewinebar.pl<\/b><\/u><\/p>\n<p>Zdj\u0119cia z wydarzenia:<\/p>\n\n\t\t<style type=\"text\/css\">\n\t\t\t#gallery-1 {\n\t\t\t\tmargin: auto;\n\t\t\t}\n\t\t\t#gallery-1 .gallery-item {\n\t\t\t\tfloat: left;\n\t\t\t\tmargin-top: 10px;\n\t\t\t\ttext-align: center;\n\t\t\t\twidth: 50%;\n\t\t\t}\n\t\t\t#gallery-1 img {\n\t\t\t\tborder: 2px solid #cfcfcf;\n\t\t\t}\n\t\t\t#gallery-1 .gallery-caption {\n\t\t\t\tmargin-left: 0;\n\t\t\t}\n\t\t\t\/* see gallery_shortcode() in wp-includes\/media.php *\/\n\t\t<\/style>\n\t\t<div id='gallery-1' class='gallery galleryid-2192 gallery-columns-2 gallery-size-thumbnail'><dl class='gallery-item'>\n\t\t\t<dt class='gallery-icon landscape'>\n\t\t\t\t<img width=\"300\" height=\"200\" src=\"https:\/\/sospecial.pl\/wp-content\/uploads\/2017\/11\/warsztaty-stylu-analiza-kolorystyczna-5-3-300x200.jpg\" class=\"attachment-thumbnail size-thumbnail\" alt=\"warsztaty stylu stylistka warszawa kolory analiza kolorystyczna moda wizerunek sospecial lelejko\" decoding=\"async\" srcset=\"https:\/\/sospecial.pl\/wp-content\/uploads\/2017\/11\/warsztaty-stylu-analiza-kolorystyczna-5-3-300x200.jpg 300w, https:\/\/sospecial.pl\/wp-content\/uploads\/2017\/11\/warsztaty-stylu-analiza-kolorystyczna-5-3-500x333.jpg 500w, https:\/\/sospecial.pl\/wp-content\/uploads\/2017\/11\/warsztaty-stylu-analiza-kolorystyczna-5-3-768x511.jpg 768w, https:\/\/sospecial.pl\/wp-content\/uploads\/2017\/11\/warsztaty-stylu-analiza-kolorystyczna-5-3-600x400.jpg 600w, https:\/\/sospecial.pl\/wp-content\/uploads\/2017\/11\/warsztaty-stylu-analiza-kolorystyczna-5-3.jpg 1021w\" sizes=\"(max-width: 300px) 100vw, 300px\" \/>\n\t\t\t<\/dt><\/dl><dl class='gallery-item'>\n\t\t\t<dt class='gallery-icon landscape'>\n\t\t\t\t<img width=\"300\" height=\"200\" src=\"https:\/\/sospecial.pl\/wp-content\/uploads\/2017\/11\/warsztaty-stylu-analiza-kolorystyczna-7-3-300x200.jpg\" class=\"attachment-thumbnail size-thumbnail\" alt=\"warsztaty stylu stylistka warszawa kolory analiza kolorystyczna moda wizerunek sospecial lelejko\" decoding=\"async\" srcset=\"https:\/\/sospecial.pl\/wp-content\/uploads\/2017\/11\/warsztaty-stylu-analiza-kolorystyczna-7-3-300x200.jpg 300w, https:\/\/sospecial.pl\/wp-content\/uploads\/2017\/11\/warsztaty-stylu-analiza-kolorystyczna-7-3-500x333.jpg 500w, https:\/\/sospecial.pl\/wp-content\/uploads\/2017\/11\/warsztaty-stylu-analiza-kolorystyczna-7-3-768x511.jpg 768w, https:\/\/sospecial.pl\/wp-content\/uploads\/2017\/11\/warsztaty-stylu-analiza-kolorystyczna-7-3-600x400.jpg 600w, https:\/\/sospecial.pl\/wp-content\/uploads\/2017\/11\/warsztaty-stylu-analiza-kolorystyczna-7-3.jpg 1021w\" sizes=\"(max-width: 300px) 100vw, 300px\" \/>\n\t\t\t<\/dt><\/dl><br style=\"clear: both\" \/><dl class='gallery-item'>\n\t\t\t<dt class='gallery-icon landscape'>\n\t\t\t\t<img width=\"300\" height=\"200\" src=\"https:\/\/sospecial.pl\/wp-content\/uploads\/2017\/11\/warsztaty-stylu-analiza-kolorystyczna-4-3-300x200.jpg\" class=\"attachment-thumbnail size-thumbnail\" alt=\"warsztaty stylu stylistka warszawa kolory analiza kolorystyczna moda wizerunek sospecial lelejko\" decoding=\"async\" srcset=\"https:\/\/sospecial.pl\/wp-content\/uploads\/2017\/11\/warsztaty-stylu-analiza-kolorystyczna-4-3-300x200.jpg 300w, https:\/\/sospecial.pl\/wp-content\/uploads\/2017\/11\/warsztaty-stylu-analiza-kolorystyczna-4-3-500x333.jpg 500w, https:\/\/sospecial.pl\/wp-content\/uploads\/2017\/11\/warsztaty-stylu-analiza-kolorystyczna-4-3-768x511.jpg 768w, https:\/\/sospecial.pl\/wp-content\/uploads\/2017\/11\/warsztaty-stylu-analiza-kolorystyczna-4-3-600x400.jpg 600w, https:\/\/sospecial.pl\/wp-content\/uploads\/2017\/11\/warsztaty-stylu-analiza-kolorystyczna-4-3.jpg 1021w\" sizes=\"(max-width: 300px) 100vw, 300px\" \/>\n\t\t\t<\/dt><\/dl><dl class='gallery-item'>\n\t\t\t<dt class='gallery-icon landscape'>\n\t\t\t\t<img width=\"300\" height=\"224\" src=\"https:\/\/sospecial.pl\/wp-content\/uploads\/2017\/11\/warsztaty-stylu-analiza-kolorystyczna-2-3-e1515858675323-300x224.jpg\" class=\"attachment-thumbnail size-thumbnail\" alt=\"warsztaty stylu stylistka warszawa kolory analiza kolorystyczna moda wizerunek sospecial lelejko\" decoding=\"async\" srcset=\"https:\/\/sospecial.pl\/wp-content\/uploads\/2017\/11\/warsztaty-stylu-analiza-kolorystyczna-2-3-e1515858675323-300x224.jpg 300w, https:\/\/sospecial.pl\/wp-content\/uploads\/2017\/11\/warsztaty-stylu-analiza-kolorystyczna-2-3-e1515858675323-500x374.jpg 500w, https:\/\/sospecial.pl\/wp-content\/uploads\/2017\/11\/warsztaty-stylu-analiza-kolorystyczna-2-3-e1515858675323-768x574.jpg 768w, https:\/\/sospecial.pl\/wp-content\/uploads\/2017\/11\/warsztaty-stylu-analiza-kolorystyczna-2-3-e1515858675323-600x449.jpg 600w, https:\/\/sospecial.pl\/wp-content\/uploads\/2017\/11\/warsztaty-stylu-analiza-kolorystyczna-2-3-e1515858675323.jpg 841w\" sizes=\"(max-width: 300px) 100vw, 300px\" \/>\n\t\t\t<\/dt><\/dl><br style=\"clear: both\" \/><dl class='gallery-item'>\n\t\t\t<dt class='gallery-icon landscape'>\n\t\t\t\t<img width=\"300\" height=\"200\" src=\"https:\/\/sospecial.pl\/wp-content\/uploads\/2017\/11\/warsztaty-stylu-analiza-kolorystyczna-13-3-300x200.jpg\" class=\"attachment-thumbnail size-thumbnail\" alt=\"warsztaty stylu stylistka warszawa kolory analiza kolorystyczna moda wizerunek sospecial lelejko\" decoding=\"async\" srcset=\"https:\/\/sospecial.pl\/wp-content\/uploads\/2017\/11\/warsztaty-stylu-analiza-kolorystyczna-13-3-300x200.jpg 300w, https:\/\/sospecial.pl\/wp-content\/uploads\/2017\/11\/warsztaty-stylu-analiza-kolorystyczna-13-3-500x333.jpg 500w, https:\/\/sospecial.pl\/wp-content\/uploads\/2017\/11\/warsztaty-stylu-analiza-kolorystyczna-13-3-768x511.jpg 768w, https:\/\/sospecial.pl\/wp-content\/uploads\/2017\/11\/warsztaty-stylu-analiza-kolorystyczna-13-3-600x400.jpg 600w, https:\/\/sospecial.pl\/wp-content\/uploads\/2017\/11\/warsztaty-stylu-analiza-kolorystyczna-13-3.jpg 1021w\" sizes=\"(max-width: 300px) 100vw, 300px\" \/>\n\t\t\t<\/dt><\/dl><dl class='gallery-item'>\n\t\t\t<dt class='gallery-icon landscape'>\n\t\t\t\t<img width=\"300\" height=\"200\" src=\"https:\/\/sospecial.pl\/wp-content\/uploads\/2017\/11\/warsztaty-stylu-analiza-kolorystyczna-1-3-300x200.jpg\" class=\"attachment-thumbnail size-thumbnail\" alt=\"warsztaty stylu stylistka warszawa kolory analiza kolorystyczna moda wizerunek sospecial lelejko\" decoding=\"async\" srcset=\"https:\/\/sospecial.pl\/wp-content\/uploads\/2017\/11\/warsztaty-stylu-analiza-kolorystyczna-1-3-300x200.jpg 300w, https:\/\/sospecial.pl\/wp-content\/uploads\/2017\/11\/warsztaty-stylu-analiza-kolorystyczna-1-3-500x333.jpg 500w, https:\/\/sospecial.pl\/wp-content\/uploads\/2017\/11\/warsztaty-stylu-analiza-kolorystyczna-1-3-768x511.jpg 768w, https:\/\/sospecial.pl\/wp-content\/uploads\/2017\/11\/warsztaty-stylu-analiza-kolorystyczna-1-3-600x400.jpg 600w, https:\/\/sospecial.pl\/wp-content\/uploads\/2017\/11\/warsztaty-stylu-analiza-kolorystyczna-1-3.jpg 1021w\" sizes=\"(max-width: 300px) 100vw, 300px\" \/>\n\t\t\t<\/dt><\/dl><br style=\"clear: both\" \/>\n\t\t<\/div>\n\n","protected":false},"excerpt":{"rendered":"<p>&nbsp; CHCESZ ODCZAROWA\u0106 SMUTN\u0104 JESIENN\u0104 AUR\u0118 I DODA\u0106 JEJ SMAKU I KOLORU? Restauracja Superiore\u00a0 wraz ze stylistk\u0105 Joann\u0105 Lelejko SoSpecial.pl zapraszaj\u0105 ju\u017c 15 pa\u017adziernika, godz. 17:00 na\u00a0Stylowy Wiecz\u00f3r z Winem. W programie: Welcome drink: Prossecco Trzydaniowa kolacja: Przystawka: Karczochy z szafranem, sosem Romesco i serem Manchego Danie g\u0142\u00f3wne: Schab jagni\u0119cy z rydzami, kabaczkiem i pasternakiem [&hellip;]<\/p>\n","protected":false},"author":3,"featured_media":2302,"comment_status":"open","ping_status":"open","sticky":false,"template":"","format":"standard","meta":{"_exactmetrics_skip_tracking":false,"_exactmetrics_sitenote_active":false,"_exactmetrics_sitenote_note":"","_exactmetrics_sitenote_category":0,"footnotes":""},"categories":[2],"tags":[],"_links":{"self":[{"href":"https:\/\/sospecial.pl\/en\/wp-json\/wp\/v2\/posts\/2192"}],"collection":[{"href":"https:\/\/sospecial.pl\/en\/wp-json\/wp\/v2\/posts"}],"about":[{"href":"https:\/\/sospecial.pl\/en\/wp-json\/wp\/v2\/types\/post"}],"author":[{"embeddable":true,"href":"https:\/\/sospecial.pl\/en\/wp-json\/wp\/v2\/users\/3"}],"replies":[{"embeddable":true,"href":"https:\/\/sospecial.pl\/en\/wp-json\/wp\/v2\/comments?post=2192"}],"version-history":[{"count":21,"href":"https:\/\/sospecial.pl\/en\/wp-json\/wp\/v2\/posts\/2192\/revisions"}],"predecessor-version":[{"id":2752,"href":"https:\/\/sospecial.pl\/en\/wp-json\/wp\/v2\/posts\/2192\/revisions\/2752"}],"wp:featuredmedia":[{"embeddable":true,"href":"https:\/\/sospecial.pl\/en\/wp-json\/wp\/v2\/media\/2302"}],"wp:attachment":[{"href":"https:\/\/sospecial.pl\/en\/wp-json\/wp\/v2\/media?parent=2192"}],"wp:term":[{"taxonomy":"category","embeddable":true,"href":"https:\/\/sospecial.pl\/en\/wp-json\/wp\/v2\/categories?post=2192"},{"taxonomy":"post_tag","embeddable":true,"href":"https:\/\/sospecial.pl\/en\/wp-json\/wp\/v2\/tags?post=2192"}],"curies":[{"name":"wp","href":"https:\/\/api.w.org\/{rel}","templated":true}]}}