{"id":2219,"date":"2017-10-25T00:30:44","date_gmt":"2017-10-24T22:30:44","guid":{"rendered":"http:\/\/sospecial.pl\/?p=2219"},"modified":"2018-06-03T13:34:18","modified_gmt":"2018-06-03T11:34:18","slug":"8-forum-rozwoju-mazowsza","status":"publish","type":"post","link":"https:\/\/sospecial.pl\/en\/8-forum-rozwoju-mazowsza\/","title":{"rendered":"STYLIST CORNER AT THE 8TH FORUM OF THE MASOVIAN VOIVODESHIP DEVELOPMENT"},"content":{"rendered":"&nbsp;<\/p>\n<p>SO SPECIAL zosta\u0142o oficjalnym partnerem\u00a08 edycji Forum Rozwoju Mazowsza, kt\u00f3ra odb\u0119dzie si\u0119 25-26 pa\u017adziernika w Warszawie na Stadionie Legii.\u00a0Udzia\u0142 w Forum jest bezp\u0142atny, wymagane jest jednak dokonanie zg\u0142oszenia przez stron\u0119 <u><a href=\"http:\/\/www.forumrozwojumazowsza.pl\">www.forumrozwojumazowsza.pl<\/a><\/u>.<br \/>\nPodczas dw\u00f3ch dni wydarzenia Ekspert ds. Wizerunku oraz Stylistka Joanna Lelejko SoSpecial.pl b\u0119dzie na jednej ze stref wystawowych udziela\u0142a konsultacji z zakresu stylizacji i wizerunku biznesowego. Dodatkowo poprowadzone zostan\u0105 przez ni\u0105 2 warsztaty:<br \/>\n<strong>25 pa\u017adziernika 2017 godz. 12:00-13:00<\/strong><\/p>\n<p><strong><em>Typy sylwetek vs najgorsze i najlepsze fasony<\/em><\/strong><\/p>\n<p>12:00-12:30 sylwetki m\u0119skie<\/p>\n<p>12:30-13:00 sylwetki damskie<\/p>\n<p><strong>26 pa\u017adziernika 2017 godz. 12:00-13:00<\/strong><\/p>\n<p><strong><em>Dress Code i wizerunek biznesowy<\/em><\/strong><\/p>\n<ul>\n<li>Typy dress code biznesowego<\/li>\n<li>Klasyczne podej\u015bcie do dress code vs realia dzisiejszego \u015bwiata biznesu i korporacji<\/li>\n<li>Jak mo\u017cemy wykorzysta\u0107 wizerunek biznesowy do wywierania wp\u0142ywu?<\/li>\n<\/ul>\n<p>Zdj\u0119cia z wydarzenia poni\u017cej:<\/p>\n\n\t\t<style type=\"text\/css\">\n\t\t\t#gallery-3 {\n\t\t\t\tmargin: auto;\n\t\t\t}\n\t\t\t#gallery-3 .gallery-item {\n\t\t\t\tfloat: left;\n\t\t\t\tmargin-top: 10px;\n\t\t\t\ttext-align: center;\n\t\t\t\twidth: 50%;\n\t\t\t}\n\t\t\t#gallery-3 img {\n\t\t\t\tborder: 2px solid #cfcfcf;\n\t\t\t}\n\t\t\t#gallery-3 .gallery-caption {\n\t\t\t\tmargin-left: 0;\n\t\t\t}\n\t\t\t\/* see gallery_shortcode() in wp-includes\/media.php *\/\n\t\t<\/style>\n\t\t<div id='gallery-3' class='gallery galleryid-2219 gallery-columns-2 gallery-size-thumbnail'><dl class='gallery-item'>\n\t\t\t<dt class='gallery-icon landscape'>\n\t\t\t\t<a href='https:\/\/sospecial.pl\/en\/kacik-stylisty-warszawa-forum-rozwoju-mazowsza-10-2\/'><img width=\"300\" height=\"225\" src=\"https:\/\/sospecial.pl\/wp-content\/uploads\/2017\/11\/k\u0105cik-stylisty-warszawa-forum-rozwoju-mazowsza-10-2-300x225.jpg\" class=\"attachment-thumbnail size-thumbnail\" alt=\"stylistka stylizacja warszawa forum rozwoju mazowsza porady stylisty k\u0105cik stylistyczny wizerunek w biznesie biznesowy\" decoding=\"async\" srcset=\"https:\/\/sospecial.pl\/wp-content\/uploads\/2017\/11\/k\u0105cik-stylisty-warszawa-forum-rozwoju-mazowsza-10-2-300x225.jpg 300w, https:\/\/sospecial.pl\/wp-content\/uploads\/2017\/11\/k\u0105cik-stylisty-warszawa-forum-rozwoju-mazowsza-10-2-500x375.jpg 500w, https:\/\/sospecial.pl\/wp-content\/uploads\/2017\/11\/k\u0105cik-stylisty-warszawa-forum-rozwoju-mazowsza-10-2-768x576.jpg 768w, https:\/\/sospecial.pl\/wp-content\/uploads\/2017\/11\/k\u0105cik-stylisty-warszawa-forum-rozwoju-mazowsza-10-2-600x450.jpg 600w, https:\/\/sospecial.pl\/wp-content\/uploads\/2017\/11\/k\u0105cik-stylisty-warszawa-forum-rozwoju-mazowsza-10-2.jpg 948w\" sizes=\"(max-width: 300px) 100vw, 300px\" \/><\/a>\n\t\t\t<\/dt><\/dl><dl class='gallery-item'>\n\t\t\t<dt class='gallery-icon landscape'>\n\t\t\t\t<a href='https:\/\/sospecial.pl\/en\/kacik-stylisty-warszawa-forum-rozwoju-mazowsza-9-2\/'><img width=\"300\" height=\"225\" src=\"https:\/\/sospecial.pl\/wp-content\/uploads\/2017\/11\/k\u0105cik-stylisty-warszawa-forum-rozwoju-mazowsza-9-2-300x225.jpg\" class=\"attachment-thumbnail size-thumbnail\" alt=\"stylistka stylizacja warszawa forum rozwoju mazowsza porady stylisty k\u0105cik stylistyczny wizerunek w biznesie biznesowy\" decoding=\"async\" srcset=\"https:\/\/sospecial.pl\/wp-content\/uploads\/2017\/11\/k\u0105cik-stylisty-warszawa-forum-rozwoju-mazowsza-9-2-300x225.jpg 300w, https:\/\/sospecial.pl\/wp-content\/uploads\/2017\/11\/k\u0105cik-stylisty-warszawa-forum-rozwoju-mazowsza-9-2-500x375.jpg 500w, https:\/\/sospecial.pl\/wp-content\/uploads\/2017\/11\/k\u0105cik-stylisty-warszawa-forum-rozwoju-mazowsza-9-2-768x576.jpg 768w, https:\/\/sospecial.pl\/wp-content\/uploads\/2017\/11\/k\u0105cik-stylisty-warszawa-forum-rozwoju-mazowsza-9-2-600x450.jpg 600w, https:\/\/sospecial.pl\/wp-content\/uploads\/2017\/11\/k\u0105cik-stylisty-warszawa-forum-rozwoju-mazowsza-9-2.jpg 948w\" sizes=\"(max-width: 300px) 100vw, 300px\" \/><\/a>\n\t\t\t<\/dt><\/dl><br style=\"clear: both\" \/><dl class='gallery-item'>\n\t\t\t<dt class='gallery-icon landscape'>\n\t\t\t\t<a href='https:\/\/sospecial.pl\/en\/kacik-stylisty-warszawa-forum-rozwoju-mazowsza-12-2\/'><img width=\"300\" height=\"225\" src=\"https:\/\/sospecial.pl\/wp-content\/uploads\/2017\/11\/k\u0105cik-stylisty-warszawa-forum-rozwoju-mazowsza-12-2-300x225.jpg\" class=\"attachment-thumbnail size-thumbnail\" alt=\"stylistka stylizacja warszawa forum rozwoju mazowsza porady stylisty k\u0105cik stylistyczny wizerunek w biznesie biznesowy\" decoding=\"async\" srcset=\"https:\/\/sospecial.pl\/wp-content\/uploads\/2017\/11\/k\u0105cik-stylisty-warszawa-forum-rozwoju-mazowsza-12-2-300x225.jpg 300w, https:\/\/sospecial.pl\/wp-content\/uploads\/2017\/11\/k\u0105cik-stylisty-warszawa-forum-rozwoju-mazowsza-12-2-500x375.jpg 500w, https:\/\/sospecial.pl\/wp-content\/uploads\/2017\/11\/k\u0105cik-stylisty-warszawa-forum-rozwoju-mazowsza-12-2-768x576.jpg 768w, https:\/\/sospecial.pl\/wp-content\/uploads\/2017\/11\/k\u0105cik-stylisty-warszawa-forum-rozwoju-mazowsza-12-2-600x450.jpg 600w, https:\/\/sospecial.pl\/wp-content\/uploads\/2017\/11\/k\u0105cik-stylisty-warszawa-forum-rozwoju-mazowsza-12-2.jpg 948w\" sizes=\"(max-width: 300px) 100vw, 300px\" \/><\/a>\n\t\t\t<\/dt><\/dl><dl class='gallery-item'>\n\t\t\t<dt class='gallery-icon landscape'>\n\t\t\t\t<a href='https:\/\/sospecial.pl\/en\/kacik-stylisty-warszawa-forum-rozwoju-mazowsza-4-2\/'><img width=\"300\" height=\"225\" src=\"https:\/\/sospecial.pl\/wp-content\/uploads\/2017\/11\/k\u0105cik-stylisty-warszawa-forum-rozwoju-mazowsza-4-2-300x225.jpg\" class=\"attachment-thumbnail size-thumbnail\" alt=\"stylistka stylizacja warszawa forum rozwoju mazowsza porady stylisty k\u0105cik stylistyczny wizerunek w biznesie biznesowy\" decoding=\"async\" srcset=\"https:\/\/sospecial.pl\/wp-content\/uploads\/2017\/11\/k\u0105cik-stylisty-warszawa-forum-rozwoju-mazowsza-4-2-300x225.jpg 300w, https:\/\/sospecial.pl\/wp-content\/uploads\/2017\/11\/k\u0105cik-stylisty-warszawa-forum-rozwoju-mazowsza-4-2-500x375.jpg 500w, https:\/\/sospecial.pl\/wp-content\/uploads\/2017\/11\/k\u0105cik-stylisty-warszawa-forum-rozwoju-mazowsza-4-2-768x576.jpg 768w, https:\/\/sospecial.pl\/wp-content\/uploads\/2017\/11\/k\u0105cik-stylisty-warszawa-forum-rozwoju-mazowsza-4-2-600x450.jpg 600w, https:\/\/sospecial.pl\/wp-content\/uploads\/2017\/11\/k\u0105cik-stylisty-warszawa-forum-rozwoju-mazowsza-4-2.jpg 948w\" sizes=\"(max-width: 300px) 100vw, 300px\" \/><\/a>\n\t\t\t<\/dt><\/dl><br style=\"clear: both\" \/>\n\t\t<\/div>\n\n<p><img decoding=\"async\"   class=\"aligncenter size-medium wp-image-2298\" src=\"https:\/\/sospecial.pl\/wp-content\/uploads\/2017\/10\/kacik-stylisty-2-4-500x375.jpg\" alt=\"\" srcset=\"https:\/\/sospecial.pl\/wp-content\/uploads\/2017\/10\/kacik-stylisty-2-4-500x375.jpg 500w, https:\/\/sospecial.pl\/wp-content\/uploads\/2017\/10\/kacik-stylisty-2-4-300x225.jpg 300w, https:\/\/sospecial.pl\/wp-content\/uploads\/2017\/10\/kacik-stylisty-2-4-768x576.jpg 768w, https:\/\/sospecial.pl\/wp-content\/uploads\/2017\/10\/kacik-stylisty-2-4-600x450.jpg 600w, https:\/\/sospecial.pl\/wp-content\/uploads\/2017\/10\/kacik-stylisty-2-4.jpg 948w\" sizes=\"(max-width: 500px) 100vw, 500px\" \/><\/p>\n\n\t\t<style type=\"text\/css\">\n\t\t\t#gallery-4 {\n\t\t\t\tmargin: auto;\n\t\t\t}\n\t\t\t#gallery-4 .gallery-item {\n\t\t\t\tfloat: left;\n\t\t\t\tmargin-top: 10px;\n\t\t\t\ttext-align: center;\n\t\t\t\twidth: 50%;\n\t\t\t}\n\t\t\t#gallery-4 img {\n\t\t\t\tborder: 2px solid #cfcfcf;\n\t\t\t}\n\t\t\t#gallery-4 .gallery-caption {\n\t\t\t\tmargin-left: 0;\n\t\t\t}\n\t\t\t\/* see gallery_shortcode() in wp-includes\/media.php *\/\n\t\t<\/style>\n\t\t<div id='gallery-4' class='gallery galleryid-2219 gallery-columns-2 gallery-size-thumbnail'><dl class='gallery-item'>\n\t\t\t<dt class='gallery-icon portrait'>\n\t\t\t\t<img width=\"225\" height=\"300\" src=\"https:\/\/sospecial.pl\/wp-content\/uploads\/2017\/10\/k\u0105cik-stylisty-4-225x300.jpg\" class=\"attachment-thumbnail size-thumbnail\" alt=\"\" decoding=\"async\" srcset=\"https:\/\/sospecial.pl\/wp-content\/uploads\/2017\/10\/k\u0105cik-stylisty-4-225x300.jpg 225w, https:\/\/sospecial.pl\/wp-content\/uploads\/2017\/10\/k\u0105cik-stylisty-4-375x500.jpg 375w, https:\/\/sospecial.pl\/wp-content\/uploads\/2017\/10\/k\u0105cik-stylisty-4-600x800.jpg 600w, https:\/\/sospecial.pl\/wp-content\/uploads\/2017\/10\/k\u0105cik-stylisty-4.jpg 711w\" sizes=\"(max-width: 225px) 100vw, 225px\" \/>\n\t\t\t<\/dt><\/dl><dl class='gallery-item'>\n\t\t\t<dt class='gallery-icon portrait'>\n\t\t\t\t<img width=\"225\" height=\"300\" src=\"https:\/\/sospecial.pl\/wp-content\/uploads\/2017\/11\/k\u0105cik-stylisty-warszawa-forum-rozwoju-mazowsza-7-2-225x300.jpg\" class=\"attachment-thumbnail size-thumbnail\" alt=\"stylistka stylizacja warszawa forum rozwoju mazowsza porady stylisty k\u0105cik stylistyczny wizerunek w biznesie biznesowy\" decoding=\"async\" srcset=\"https:\/\/sospecial.pl\/wp-content\/uploads\/2017\/11\/k\u0105cik-stylisty-warszawa-forum-rozwoju-mazowsza-7-2-225x300.jpg 225w, https:\/\/sospecial.pl\/wp-content\/uploads\/2017\/11\/k\u0105cik-stylisty-warszawa-forum-rozwoju-mazowsza-7-2-375x500.jpg 375w, https:\/\/sospecial.pl\/wp-content\/uploads\/2017\/11\/k\u0105cik-stylisty-warszawa-forum-rozwoju-mazowsza-7-2-600x800.jpg 600w, https:\/\/sospecial.pl\/wp-content\/uploads\/2017\/11\/k\u0105cik-stylisty-warszawa-forum-rozwoju-mazowsza-7-2.jpg 711w\" sizes=\"(max-width: 225px) 100vw, 225px\" \/>\n\t\t\t<\/dt><\/dl><br style=\"clear: both\" \/><dl class='gallery-item'>\n\t\t\t<dt class='gallery-icon portrait'>\n\t\t\t\t<img width=\"225\" height=\"300\" src=\"https:\/\/sospecial.pl\/wp-content\/uploads\/2017\/11\/k\u0105cik-stylisty-warszawa-forum-rozwoju-mazowsza-8-2-225x300.jpg\" class=\"attachment-thumbnail size-thumbnail\" alt=\"stylistka stylizacja warszawa forum rozwoju mazowsza porady stylisty k\u0105cik stylistyczny wizerunek w biznesie biznesowy\" decoding=\"async\" srcset=\"https:\/\/sospecial.pl\/wp-content\/uploads\/2017\/11\/k\u0105cik-stylisty-warszawa-forum-rozwoju-mazowsza-8-2-225x300.jpg 225w, https:\/\/sospecial.pl\/wp-content\/uploads\/2017\/11\/k\u0105cik-stylisty-warszawa-forum-rozwoju-mazowsza-8-2-375x500.jpg 375w, https:\/\/sospecial.pl\/wp-content\/uploads\/2017\/11\/k\u0105cik-stylisty-warszawa-forum-rozwoju-mazowsza-8-2-600x800.jpg 600w, https:\/\/sospecial.pl\/wp-content\/uploads\/2017\/11\/k\u0105cik-stylisty-warszawa-forum-rozwoju-mazowsza-8-2.jpg 711w\" sizes=\"(max-width: 225px) 100vw, 225px\" \/>\n\t\t\t<\/dt><\/dl><dl class='gallery-item'>\n\t\t\t<dt class='gallery-icon portrait'>\n\t\t\t\t<img width=\"225\" height=\"300\" src=\"https:\/\/sospecial.pl\/wp-content\/uploads\/2017\/11\/k\u0105cik-stylisty-warszawa-forum-rozwoju-mazowsza-1-2-225x300.jpg\" class=\"attachment-thumbnail size-thumbnail\" alt=\"stylistka stylizacja warszawa forum rozwoju mazowsza porady stylisty k\u0105cik stylistyczny wizerunek w biznesie biznesowy\" decoding=\"async\" srcset=\"https:\/\/sospecial.pl\/wp-content\/uploads\/2017\/11\/k\u0105cik-stylisty-warszawa-forum-rozwoju-mazowsza-1-2-225x300.jpg 225w, https:\/\/sospecial.pl\/wp-content\/uploads\/2017\/11\/k\u0105cik-stylisty-warszawa-forum-rozwoju-mazowsza-1-2-375x500.jpg 375w, https:\/\/sospecial.pl\/wp-content\/uploads\/2017\/11\/k\u0105cik-stylisty-warszawa-forum-rozwoju-mazowsza-1-2-600x800.jpg 600w, https:\/\/sospecial.pl\/wp-content\/uploads\/2017\/11\/k\u0105cik-stylisty-warszawa-forum-rozwoju-mazowsza-1-2.jpg 711w\" sizes=\"(max-width: 225px) 100vw, 225px\" \/>\n\t\t\t<\/dt><\/dl><br style=\"clear: both\" \/><dl class='gallery-item'>\n\t\t\t<dt class='gallery-icon portrait'>\n\t\t\t\t<img width=\"225\" height=\"300\" src=\"https:\/\/sospecial.pl\/wp-content\/uploads\/2017\/11\/k\u0105cik-stylisty-warszawa-forum-rozwoju-mazowsza-2-3-225x300.jpg\" class=\"attachment-thumbnail size-thumbnail\" alt=\"stylistka stylizacja warszawa forum rozwoju mazowsza porady stylisty k\u0105cik stylistyczny wizerunek w biznesie biznesowy\" decoding=\"async\" aria-describedby=\"gallery-4-2277\" srcset=\"https:\/\/sospecial.pl\/wp-content\/uploads\/2017\/11\/k\u0105cik-stylisty-warszawa-forum-rozwoju-mazowsza-2-3-225x300.jpg 225w, https:\/\/sospecial.pl\/wp-content\/uploads\/2017\/11\/k\u0105cik-stylisty-warszawa-forum-rozwoju-mazowsza-2-3-375x500.jpg 375w, https:\/\/sospecial.pl\/wp-content\/uploads\/2017\/11\/k\u0105cik-stylisty-warszawa-forum-rozwoju-mazowsza-2-3.jpg 768w, https:\/\/sospecial.pl\/wp-content\/uploads\/2017\/11\/k\u0105cik-stylisty-warszawa-forum-rozwoju-mazowsza-2-3-600x800.jpg 600w\" sizes=\"(max-width: 225px) 100vw, 225px\" \/>\n\t\t\t<\/dt>\n\t\t\t\t<dd class='wp-caption-text gallery-caption' id='gallery-4-2277'>\n\t\t\t\tKlientka w zapi\u0119tej koszuli&#8230;\n\t\t\t\t<\/dd><\/dl><dl class='gallery-item'>\n\t\t\t<dt class='gallery-icon portrait'>\n\t\t\t\t<img width=\"225\" height=\"300\" src=\"https:\/\/sospecial.pl\/wp-content\/uploads\/2017\/11\/k\u0105cik-stylisty-warszawa-forum-rozwoju-mazowsza-3-3-225x300.jpg\" class=\"attachment-thumbnail size-thumbnail\" alt=\"stylistka stylizacja warszawa forum rozwoju mazowsza porady stylisty k\u0105cik stylistyczny wizerunek w biznesie biznesowy\" decoding=\"async\" aria-describedby=\"gallery-4-2278\" srcset=\"https:\/\/sospecial.pl\/wp-content\/uploads\/2017\/11\/k\u0105cik-stylisty-warszawa-forum-rozwoju-mazowsza-3-3-225x300.jpg 225w, https:\/\/sospecial.pl\/wp-content\/uploads\/2017\/11\/k\u0105cik-stylisty-warszawa-forum-rozwoju-mazowsza-3-3-375x500.jpg 375w, https:\/\/sospecial.pl\/wp-content\/uploads\/2017\/11\/k\u0105cik-stylisty-warszawa-forum-rozwoju-mazowsza-3-3.jpg 768w, https:\/\/sospecial.pl\/wp-content\/uploads\/2017\/11\/k\u0105cik-stylisty-warszawa-forum-rozwoju-mazowsza-3-3-600x800.jpg 600w\" sizes=\"(max-width: 225px) 100vw, 225px\" \/>\n\t\t\t<\/dt>\n\t\t\t\t<dd class='wp-caption-text gallery-caption' id='gallery-4-2278'>\n\t\t\t\t&#8230; i rozpi\u0119tej &#8211; od razu lepiej \ud83d\ude42\n\t\t\t\t<\/dd><\/dl><br style=\"clear: both\" \/><dl class='gallery-item'>\n\t\t\t<dt class='gallery-icon portrait'>\n\t\t\t\t<img width=\"225\" height=\"300\" src=\"https:\/\/sospecial.pl\/wp-content\/uploads\/2017\/11\/k\u0105cik-stylisty-warszawa-forum-rozwoju-mazowsza-6-2-225x300.jpg\" class=\"attachment-thumbnail size-thumbnail\" alt=\"stylistka stylizacja warszawa forum rozwoju mazowsza porady stylisty k\u0105cik stylistyczny wizerunek w biznesie biznesowy\" decoding=\"async\" aria-describedby=\"gallery-4-2281\" srcset=\"https:\/\/sospecial.pl\/wp-content\/uploads\/2017\/11\/k\u0105cik-stylisty-warszawa-forum-rozwoju-mazowsza-6-2-225x300.jpg 225w, https:\/\/sospecial.pl\/wp-content\/uploads\/2017\/11\/k\u0105cik-stylisty-warszawa-forum-rozwoju-mazowsza-6-2-375x500.jpg 375w, https:\/\/sospecial.pl\/wp-content\/uploads\/2017\/11\/k\u0105cik-stylisty-warszawa-forum-rozwoju-mazowsza-6-2-600x800.jpg 600w, https:\/\/sospecial.pl\/wp-content\/uploads\/2017\/11\/k\u0105cik-stylisty-warszawa-forum-rozwoju-mazowsza-6-2.jpg 711w\" sizes=\"(max-width: 225px) 100vw, 225px\" \/>\n\t\t\t<\/dt>\n\t\t\t\t<dd class='wp-caption-text gallery-caption' id='gallery-4-2281'>\n\t\t\t\tKlientka w wypuszczonej koszuli na zewn\u0105trz&#8230;\n\t\t\t\t<\/dd><\/dl><dl class='gallery-item'>\n\t\t\t<dt class='gallery-icon portrait'>\n\t\t\t\t<img width=\"225\" height=\"300\" src=\"https:\/\/sospecial.pl\/wp-content\/uploads\/2017\/11\/k\u0105cik-stylisty-warszawa-forum-rozwoju-mazowsza-5-2-225x300.jpg\" class=\"attachment-thumbnail size-thumbnail\" alt=\"stylistka stylizacja warszawa forum rozwoju mazowsza porady stylisty k\u0105cik stylistyczny wizerunek w biznesie biznesowy\" decoding=\"async\" aria-describedby=\"gallery-4-2280\" srcset=\"https:\/\/sospecial.pl\/wp-content\/uploads\/2017\/11\/k\u0105cik-stylisty-warszawa-forum-rozwoju-mazowsza-5-2-225x300.jpg 225w, https:\/\/sospecial.pl\/wp-content\/uploads\/2017\/11\/k\u0105cik-stylisty-warszawa-forum-rozwoju-mazowsza-5-2-375x500.jpg 375w, https:\/\/sospecial.pl\/wp-content\/uploads\/2017\/11\/k\u0105cik-stylisty-warszawa-forum-rozwoju-mazowsza-5-2-600x800.jpg 600w, https:\/\/sospecial.pl\/wp-content\/uploads\/2017\/11\/k\u0105cik-stylisty-warszawa-forum-rozwoju-mazowsza-5-2.jpg 711w\" sizes=\"(max-width: 225px) 100vw, 225px\" \/>\n\t\t\t<\/dt>\n\t\t\t\t<dd class='wp-caption-text gallery-caption' id='gallery-4-2280'>\n\t\t\t\t&#8230; oraz wsadzonej do \u015brodka &#8211; od razu nogi d\u0142u\u017csze!\n\t\t\t\t<\/dd><\/dl><br style=\"clear: both\" \/>\n\t\t<\/div>\n\n<p>&nbsp;<\/p>\n<p><strong>Zapisy na konsultacje indywidualne oraz na warsztaty odbywa\u0107 si\u0119 b\u0119d\u0105 w dniu wydarzenia na stoisku Stylistki.<\/strong><\/p>\n<p>A co poza tym?\u00a0Tegoroczna edycja Forum nosi tytu\u0142\u00a0Wsp\u00f3\u0142praca, Rozw\u00f3j, Wdra\u017canie. Jak realizowa\u0107 dzia\u0142ania wzmacniaj\u0105ce rozw\u00f3j miast, gmin i ca\u0142ego regionu. O czym pami\u0119ta\u0107 realizuj\u0105c projekty biznesowe? W jaki spos\u00f3b tworzy\u0107 warunki sprzyjaj\u0105ce rozwojowi kapita\u0142u ludzkiego i spo\u0142ecznego? Tego i wiele wiele wi\u0119cej b\u0119d\u0105 mogli dowiedzie\u0107 si\u0119 uczestnicy 8. Forum Rozwoju Mazowsza organizowanego przez Mazowieck\u0105 Jednostk\u0119 Wdra\u017cania Program\u00f3w Unijnych.<br \/>\nTegoroczna edycja to 10 debat, kilkadziesi\u0105t prezentacji i warsztat\u00f3w, podczas kt\u00f3rych swoimi do\u015bwiadczeniami podzieli si\u0119 ponad 80 ekspert\u00f3w reprezentuj\u0105cych administracj\u0119, biznes, sektor naukowy i pozarz\u0105dowy. Wydarzenie odb\u0119dzie si\u0119 pod honorowym patronatem Ministerstwa Rozwoju, Ministerstwa Cyfryzacji oraz Marsza\u0142ka Wojew\u00f3dztwa Mazowieckiego.<\/p>\n<p>&nbsp;","protected":false},"excerpt":{"rendered":"<p>&nbsp; SO SPECIAL zosta\u0142o oficjalnym partnerem\u00a08 edycji Forum Rozwoju Mazowsza, kt\u00f3ra odb\u0119dzie si\u0119 25-26 pa\u017adziernika w Warszawie na Stadionie Legii.\u00a0Udzia\u0142 w Forum jest bezp\u0142atny, wymagane jest jednak dokonanie zg\u0142oszenia przez stron\u0119 www.forumrozwojumazowsza.pl. Podczas dw\u00f3ch dni wydarzenia Ekspert ds. Wizerunku oraz Stylistka Joanna Lelejko SoSpecial.pl b\u0119dzie na jednej ze stref wystawowych udziela\u0142a konsultacji z zakresu stylizacji [&hellip;]<\/p>\n","protected":false},"author":3,"featured_media":2286,"comment_status":"open","ping_status":"open","sticky":false,"template":"","format":"standard","meta":{"_exactmetrics_skip_tracking":false,"_exactmetrics_sitenote_active":false,"_exactmetrics_sitenote_note":"","_exactmetrics_sitenote_category":0,"footnotes":""},"categories":[2],"tags":[],"_links":{"self":[{"href":"https:\/\/sospecial.pl\/en\/wp-json\/wp\/v2\/posts\/2219"}],"collection":[{"href":"https:\/\/sospecial.pl\/en\/wp-json\/wp\/v2\/posts"}],"about":[{"href":"https:\/\/sospecial.pl\/en\/wp-json\/wp\/v2\/types\/post"}],"author":[{"embeddable":true,"href":"https:\/\/sospecial.pl\/en\/wp-json\/wp\/v2\/users\/3"}],"replies":[{"embeddable":true,"href":"https:\/\/sospecial.pl\/en\/wp-json\/wp\/v2\/comments?post=2219"}],"version-history":[{"count":18,"href":"https:\/\/sospecial.pl\/en\/wp-json\/wp\/v2\/posts\/2219\/revisions"}],"predecessor-version":[{"id":2300,"href":"https:\/\/sospecial.pl\/en\/wp-json\/wp\/v2\/posts\/2219\/revisions\/2300"}],"wp:featuredmedia":[{"embeddable":true,"href":"https:\/\/sospecial.pl\/en\/wp-json\/wp\/v2\/media\/2286"}],"wp:attachment":[{"href":"https:\/\/sospecial.pl\/en\/wp-json\/wp\/v2\/media?parent=2219"}],"wp:term":[{"taxonomy":"category","embeddable":true,"href":"https:\/\/sospecial.pl\/en\/wp-json\/wp\/v2\/categories?post=2219"},{"taxonomy":"post_tag","embeddable":true,"href":"https:\/\/sospecial.pl\/en\/wp-json\/wp\/v2\/tags?post=2219"}],"curies":[{"name":"wp","href":"https:\/\/api.w.org\/{rel}","templated":true}]}}