{"id":2434,"date":"2018-02-03T12:29:59","date_gmt":"2018-02-03T11:29:59","guid":{"rendered":"http:\/\/sospecial.pl\/?p=2434"},"modified":"2018-07-25T01:13:09","modified_gmt":"2018-07-24T23:13:09","slug":"warsztaty-kobieta-bizniesie-zbuduj-swoj-wizerunek-i-styl","status":"publish","type":"post","link":"https:\/\/sospecial.pl\/en\/warsztaty-kobieta-bizniesie-zbuduj-swoj-wizerunek-i-styl\/","title":{"rendered":"BUSINESS IMAGE FOR WOMEN &#8211; WORKSHOPS"},"content":{"rendered":"Razem z Mart\u0105 Kwieci\u0144sk\u0105, Mistrzyni\u0105 Polski w makija\u017cu w kategorii kobieta dojrza\u0142a (30+), zapraszamy serdecznie na kolejn\u0105 edycj\u0119 naszych najpopularniejszych warsztat\u00f3w z dziedziny wizerunku biznesowego dla kobiet.<\/p>\n<p><strong>DZI\u0118KI WARSZTATOM:<\/strong><\/p>\n<ul>\n<li>nauczysz si\u0119 jak wykorzystywa\u0107 stylizacj\u0119 do budowania profesjonalnego wizerunku<\/li>\n<li>dobierzesz najlepsze stylizacje biznesowe do Twojej sylwetki i osobowo\u015bci<\/li>\n<li>wykonasz prawid\u0142owy makija\u017c biznesowy, poznasz kolory sukcesu<\/li>\n<li>doszlifujesz swoje profile na biznesowych serwisach networkingowych<\/li>\n<li>zbudujesz pewno\u015b\u0107 siebie poprzez popraw\u0119 wizerunku<\/li>\n<li>wzmocnisz swoj\u0105 pozycj\u0119 w firmie, w oczach partner\u00f3w biznesowych, klient\u00f3w i pracodawc\u00f3w.<\/li>\n<\/ul>\n<p><strong>TERMIN:<\/strong> 3 lutego 10:00-17:00<\/p>\n<p><strong>MIEJSCE<\/strong>: Central Warsaw, ul. Pu\u0142awska 12 lok. 3, Warszawa<\/p>\n<p><strong>MAX. LICZBA UCZESTNIK\u00d3W:<\/strong> 12<\/p>\n<p><strong>CENA:<\/strong> do 15 stycznia obowi\u0105zuje cena promocyjna 299 z\u0142, p\u00f3\u017aniej: 399 z\u0142.<\/p>\n<p><strong>BILETY DOST\u0118PNE NA<\/strong>:\u00a0<strong><u><a href=\"https:\/\/kobieta-w-biznesie.evenea.pl\">https:\/\/kobieta-w-biznesie.evenea.pl<\/a><\/u><\/strong><\/p>\n<p>Szkolenie poprowadzi ze mn\u0105 niesamowita\u00a0<strong>Marta Kwieci\u0144ska<\/strong> \u2013 Make-up Artist, w\u0142a\u015bcicielka pracowni Kwieci\u0144ska Atelier, gdzie obok architektury i aran\u017cacji wn\u0119trz zajmuje si\u0119 wiza\u017cem i kreowaniem wizerunku. Mistrzyni Polski w makija\u017cu w kategorii Kobieta Dojrza\u0142a. Pracuje g\u0142\u00f3wnie z kobietami, przygotowuj\u0105c je do wyst\u0105pie\u0144 publicznych, konferencji, na wybieg oraz w wa\u017cnych chwilach w \u017cyciu. Malowa\u0142a takie osoby jak Joanna Racewicz, Kamila Rowi\u0144ska, Marzena Rogalska, Katarzyna Wierzbowska, Dorota Czekaj czy te\u017c cz\u0142onkinie Stowarzyszenia Prokurator\u00f3w RP. Wi\u0119cej o Marcie i jej projektach dowiesz si\u0119 na jej fanpage na Facebook&#8217;u klikaj\u0105c\u00a0<a href=\"https:\/\/www.facebook.com\/Kwieci\u0144ska-Atelier-wiza\u017c-263683297157955\/\"><u>TU<\/u><\/a>.<\/p>\n<p><strong>PLAN RAMOWY WARSZTAT\u00d3W:<\/strong><\/p>\n<ul>\n<li><b>WIZERUNEK W BIZNESIE<\/b>\u00a0 &#8211;\u00a0co si\u0119 na niego sk\u0142ada i do czego mo\u017cemy go wykorzystywa\u0107?<\/li>\n<li><b>DRESS CODE <\/b>&#8211;<b>\u00a0<\/b>kluczowe zasady oraz propozycje stylizacji dla r\u00f3\u017cnych typ\u00f3w sylwetek &#8211;<\/li>\n<li><b>INTERAKTYWNA PRACA GRUPOWA <\/b>na przyniesionych przez uczestniczki stylizacjach<\/li>\n<li><b>MAKIJA\u017b BIZNESOWY I FRYZURA<\/b>\u00a0&#8211;\u00a0podstawowe zasady, dob\u00f3r do r\u00f3\u017cnych sytuacji s\u0142u\u017cbowych<\/li>\n<li><b>MAKIJA\u017b BIZNESOWY W PRAKTYCE <\/b>&#8211; identyfikacja budowy morfologicznej twarzy uczestniczek,\u00a0nauka wykonania makija\u017cu pod opiek\u0105 ekspertki<\/li>\n<li><b>KONSULTACJE INDYWIDUALNE\u00a0<\/b>w zakresie makija\u017cu i stylizacji<\/li>\n<\/ul>\n<p><em>Wa\u017cne! Ka\u017cda uczestniczka przynosi ze sob\u0105 3 stroje biznesowe ze swojej obecnej garderoby, jeden na dzie\u0144 wewn\u0119trzny w firmie (smart casual), drugi na spotkanie biznesowe z klientem, trzeci \u2013 na kolacj\u0119 biznesow\u0105. Je\u015bli w Twojej obecnej pracy nie ma kt\u00f3rej\u015b z powy\u017cszych sytuacji \u2013 przygotuj w zamian str\u00f3j, kt\u00f3ry lubisz nosi\u0107 s\u0142u\u017cbowo. Dodatkowo nale\u017cy przynie\u015b\u0107 swoje kosmetyki kolorowe oraz preparat do demakija\u017cu. Osoby z alergi\u0105 decyzj\u0119 o pracy na produktach profesjonalnych makija\u017cystki podejmuj\u0105 na w\u0142asne ryzyko.<\/em><\/p>\n<p>Je\u015bli masz pytania dotycz\u0105ce wydarzenia \u2013 napisz na <a href=\"mailto:info@sospecial.pl\"><u>info@sospecial.pl<\/u><\/a>\u00a0lub skontaktuj si\u0119 z nami telefonicznie:<br \/>\nAsia &#8211; 504 004 432<br \/>\nMarta &#8211;\u00a0 605 561 209<\/p>\n<p><strong>GALERIA ZDJ\u0118\u0106 NASZYCH KLIENTEK<\/strong><\/p>\n<p><img decoding=\"async\"   class=\"alignnone size-medium wp-image-2697\" src=\"https:\/\/sospecial.pl\/wp-content\/uploads\/2018\/01\/stylistka-make-up-artist-kobieta-w-biznesie-wizewrunek-biznesowy-3-500x375.jpg\" alt=\"\" srcset=\"https:\/\/sospecial.pl\/wp-content\/uploads\/2018\/01\/stylistka-make-up-artist-kobieta-w-biznesie-wizewrunek-biznesowy-3-500x375.jpg 500w, https:\/\/sospecial.pl\/wp-content\/uploads\/2018\/01\/stylistka-make-up-artist-kobieta-w-biznesie-wizewrunek-biznesowy-3-300x225.jpg 300w, https:\/\/sospecial.pl\/wp-content\/uploads\/2018\/01\/stylistka-make-up-artist-kobieta-w-biznesie-wizewrunek-biznesowy-3-768x576.jpg 768w, https:\/\/sospecial.pl\/wp-content\/uploads\/2018\/01\/stylistka-make-up-artist-kobieta-w-biznesie-wizewrunek-biznesowy-3-1024x768.jpg 1024w, https:\/\/sospecial.pl\/wp-content\/uploads\/2018\/01\/stylistka-make-up-artist-kobieta-w-biznesie-wizewrunek-biznesowy-3-600x450.jpg 600w, https:\/\/sospecial.pl\/wp-content\/uploads\/2018\/01\/stylistka-make-up-artist-kobieta-w-biznesie-wizewrunek-biznesowy-3.jpg 1557w\" sizes=\"(max-width: 500px) 100vw, 500px\" \/><\/p>\n<h2><a href=\"https:\/\/evenea.pl\/imprezy\/szkolenia\/warszawa\/kobieta-w-biznesie-zbuduj-swoj-wizerunek-i-styl-warsztaty-max12-osob-176825\/?utm_source=homepage&amp;utm_medium=evenea_www&amp;utm_term=city_recommend&amp;utm_campaign=event_promo\"><strong><u>ZAPRASZAMY! ZAREZERWUJ SWOJE MIEJCE JU\u017b DZI\u015a! KLIKNIJ TU<\/u><\/strong><\/a><\/h2>\n<p><img decoding=\"async\" class=\"alignnone wp-image-2435 size-medium\" src=\"https:\/\/sospecial.pl\/wp-content\/uploads\/2017\/11\/NdE2DWhLQMqDVkj1qCFITA_thumb_2328-500x375.jpg\" alt=\"\"   srcset=\"https:\/\/sospecial.pl\/wp-content\/uploads\/2017\/11\/NdE2DWhLQMqDVkj1qCFITA_thumb_2328-500x375.jpg 500w, https:\/\/sospecial.pl\/wp-content\/uploads\/2017\/11\/NdE2DWhLQMqDVkj1qCFITA_thumb_2328-300x225.jpg 300w, https:\/\/sospecial.pl\/wp-content\/uploads\/2017\/11\/NdE2DWhLQMqDVkj1qCFITA_thumb_2328-768x576.jpg 768w, https:\/\/sospecial.pl\/wp-content\/uploads\/2017\/11\/NdE2DWhLQMqDVkj1qCFITA_thumb_2328.jpg 1024w, https:\/\/sospecial.pl\/wp-content\/uploads\/2017\/11\/NdE2DWhLQMqDVkj1qCFITA_thumb_2328-600x450.jpg 600w\" sizes=\"(max-width: 500px) 100vw, 500px\" \/>","protected":false},"excerpt":{"rendered":"<p>Razem z Mart\u0105 Kwieci\u0144sk\u0105, Mistrzyni\u0105 Polski w makija\u017cu w kategorii kobieta dojrza\u0142a (30+), zapraszamy serdecznie na kolejn\u0105 edycj\u0119 naszych najpopularniejszych warsztat\u00f3w z dziedziny wizerunku biznesowego dla kobiet. DZI\u0118KI WARSZTATOM: nauczysz si\u0119 jak wykorzystywa\u0107 stylizacj\u0119 do budowania profesjonalnego wizerunku dobierzesz najlepsze stylizacje biznesowe do Twojej sylwetki i osobowo\u015bci wykonasz prawid\u0142owy makija\u017c biznesowy, poznasz kolory sukcesu doszlifujesz [&hellip;]<\/p>\n","protected":false},"author":3,"featured_media":2435,"comment_status":"open","ping_status":"open","sticky":false,"template":"","format":"standard","meta":{"_exactmetrics_skip_tracking":false,"_exactmetrics_sitenote_active":false,"_exactmetrics_sitenote_note":"","_exactmetrics_sitenote_category":0,"footnotes":""},"categories":[2],"tags":[],"_links":{"self":[{"href":"https:\/\/sospecial.pl\/en\/wp-json\/wp\/v2\/posts\/2434"}],"collection":[{"href":"https:\/\/sospecial.pl\/en\/wp-json\/wp\/v2\/posts"}],"about":[{"href":"https:\/\/sospecial.pl\/en\/wp-json\/wp\/v2\/types\/post"}],"author":[{"embeddable":true,"href":"https:\/\/sospecial.pl\/en\/wp-json\/wp\/v2\/users\/3"}],"replies":[{"embeddable":true,"href":"https:\/\/sospecial.pl\/en\/wp-json\/wp\/v2\/comments?post=2434"}],"version-history":[{"count":27,"href":"https:\/\/sospecial.pl\/en\/wp-json\/wp\/v2\/posts\/2434\/revisions"}],"predecessor-version":[{"id":3472,"href":"https:\/\/sospecial.pl\/en\/wp-json\/wp\/v2\/posts\/2434\/revisions\/3472"}],"wp:featuredmedia":[{"embeddable":true,"href":"https:\/\/sospecial.pl\/en\/wp-json\/wp\/v2\/media\/2435"}],"wp:attachment":[{"href":"https:\/\/sospecial.pl\/en\/wp-json\/wp\/v2\/media?parent=2434"}],"wp:term":[{"taxonomy":"category","embeddable":true,"href":"https:\/\/sospecial.pl\/en\/wp-json\/wp\/v2\/categories?post=2434"},{"taxonomy":"post_tag","embeddable":true,"href":"https:\/\/sospecial.pl\/en\/wp-json\/wp\/v2\/tags?post=2434"}],"curies":[{"name":"wp","href":"https:\/\/api.w.org\/{rel}","templated":true}]}}