{"id":2553,"date":"2018-01-02T01:25:24","date_gmt":"2018-01-02T00:25:24","guid":{"rendered":"http:\/\/sospecial.pl\/?p=2553"},"modified":"2018-02-01T10:55:33","modified_gmt":"2018-02-01T09:55:33","slug":"sesja-zdjeciowa-klientka-marta","status":"publish","type":"post","link":"https:\/\/sospecial.pl\/en\/sesja-zdjeciowa-klientka-marta\/","title":{"rendered":"MAKEOVER AND PHOTO SHOOT OF SO SPECIAL CLIENT MARTHA"},"content":{"rendered":"&nbsp;<\/p>\n<p>Stylizacja: SO SPECIAL Asia Lelejko<\/p>\n<p>Makija\u017c: Marta Kwieci\u0144ska, Kwieci\u0144ska Atelier Wiza\u017c<\/p>\n<p>Fryzura: Marta G\u00f3rska Hair Design<\/p>\n<p>Fotografia: Emilia Bartkowska<\/p>\n<p>Video: Tomek z Black Square Studio<\/p>\n<p>Miejsce: Hotel Indigo, Warszawa<\/p>\n<p>&nbsp;<\/p>\n<h3><strong>Stylizacja 1: SoSpecial Lady<\/strong><\/h3>\n\n\t\t<style type=\"text\/css\">\n\t\t\t#gallery-4 {\n\t\t\t\tmargin: auto;\n\t\t\t}\n\t\t\t#gallery-4 .gallery-item {\n\t\t\t\tfloat: left;\n\t\t\t\tmargin-top: 10px;\n\t\t\t\ttext-align: center;\n\t\t\t\twidth: 33%;\n\t\t\t}\n\t\t\t#gallery-4 img {\n\t\t\t\tborder: 2px solid #cfcfcf;\n\t\t\t}\n\t\t\t#gallery-4 .gallery-caption {\n\t\t\t\tmargin-left: 0;\n\t\t\t}\n\t\t\t\/* see gallery_shortcode() in wp-includes\/media.php *\/\n\t\t<\/style>\n\t\t<div id='gallery-4' class='gallery galleryid-2553 gallery-columns-3 gallery-size-thumbnail'><dl class='gallery-item'>\n\t\t\t<dt class='gallery-icon portrait'>\n\t\t\t\t<img width=\"200\" height=\"300\" src=\"https:\/\/sospecial.pl\/wp-content\/uploads\/2017\/12\/sesja-zdjeciowa-SoSpecial-stylistka-Asia-Lelejko-13-e1512425240151-200x300.jpg\" class=\"attachment-thumbnail size-thumbnail\" alt=\"\" decoding=\"async\" srcset=\"https:\/\/sospecial.pl\/wp-content\/uploads\/2017\/12\/sesja-zdjeciowa-SoSpecial-stylistka-Asia-Lelejko-13-e1512425240151-200x300.jpg 200w, https:\/\/sospecial.pl\/wp-content\/uploads\/2017\/12\/sesja-zdjeciowa-SoSpecial-stylistka-Asia-Lelejko-13-e1512425240151-334x500.jpg 334w, https:\/\/sospecial.pl\/wp-content\/uploads\/2017\/12\/sesja-zdjeciowa-SoSpecial-stylistka-Asia-Lelejko-13-e1512425240151-768x1151.jpg 768w, https:\/\/sospecial.pl\/wp-content\/uploads\/2017\/12\/sesja-zdjeciowa-SoSpecial-stylistka-Asia-Lelejko-13-e1512425240151-684x1024.jpg 684w, https:\/\/sospecial.pl\/wp-content\/uploads\/2017\/12\/sesja-zdjeciowa-SoSpecial-stylistka-Asia-Lelejko-13-e1512425240151-600x899.jpg 600w, https:\/\/sospecial.pl\/wp-content\/uploads\/2017\/12\/sesja-zdjeciowa-SoSpecial-stylistka-Asia-Lelejko-13-e1512425240151.jpg 1367w\" sizes=\"(max-width: 200px) 100vw, 200px\" \/>\n\t\t\t<\/dt><\/dl><dl class='gallery-item'>\n\t\t\t<dt class='gallery-icon portrait'>\n\t\t\t\t<img width=\"200\" height=\"300\" src=\"https:\/\/sospecial.pl\/wp-content\/uploads\/2017\/12\/sesja-zdjeciowa-SoSpecial-stylistka-Asia-Lelejko-6-200x300.jpg\" class=\"attachment-thumbnail size-thumbnail\" alt=\"\" decoding=\"async\" srcset=\"https:\/\/sospecial.pl\/wp-content\/uploads\/2017\/12\/sesja-zdjeciowa-SoSpecial-stylistka-Asia-Lelejko-6-200x300.jpg 200w, https:\/\/sospecial.pl\/wp-content\/uploads\/2017\/12\/sesja-zdjeciowa-SoSpecial-stylistka-Asia-Lelejko-6-333x500.jpg 333w, https:\/\/sospecial.pl\/wp-content\/uploads\/2017\/12\/sesja-zdjeciowa-SoSpecial-stylistka-Asia-Lelejko-6-768x1152.jpg 768w, https:\/\/sospecial.pl\/wp-content\/uploads\/2017\/12\/sesja-zdjeciowa-SoSpecial-stylistka-Asia-Lelejko-6-683x1024.jpg 683w, https:\/\/sospecial.pl\/wp-content\/uploads\/2017\/12\/sesja-zdjeciowa-SoSpecial-stylistka-Asia-Lelejko-6-600x900.jpg 600w, https:\/\/sospecial.pl\/wp-content\/uploads\/2017\/12\/sesja-zdjeciowa-SoSpecial-stylistka-Asia-Lelejko-6.jpg 1365w\" sizes=\"(max-width: 200px) 100vw, 200px\" \/>\n\t\t\t<\/dt><\/dl><dl class='gallery-item'>\n\t\t\t<dt class='gallery-icon portrait'>\n\t\t\t\t<img width=\"200\" height=\"300\" src=\"https:\/\/sospecial.pl\/wp-content\/uploads\/2017\/12\/sesja-zdjeciowa-SoSpecial-stylistka-Asia-Lelejko-3-200x300.jpg\" class=\"attachment-thumbnail size-thumbnail\" alt=\"\" decoding=\"async\" srcset=\"https:\/\/sospecial.pl\/wp-content\/uploads\/2017\/12\/sesja-zdjeciowa-SoSpecial-stylistka-Asia-Lelejko-3-200x300.jpg 200w, https:\/\/sospecial.pl\/wp-content\/uploads\/2017\/12\/sesja-zdjeciowa-SoSpecial-stylistka-Asia-Lelejko-3-333x500.jpg 333w, https:\/\/sospecial.pl\/wp-content\/uploads\/2017\/12\/sesja-zdjeciowa-SoSpecial-stylistka-Asia-Lelejko-3-768x1152.jpg 768w, https:\/\/sospecial.pl\/wp-content\/uploads\/2017\/12\/sesja-zdjeciowa-SoSpecial-stylistka-Asia-Lelejko-3-683x1024.jpg 683w, https:\/\/sospecial.pl\/wp-content\/uploads\/2017\/12\/sesja-zdjeciowa-SoSpecial-stylistka-Asia-Lelejko-3-600x900.jpg 600w, https:\/\/sospecial.pl\/wp-content\/uploads\/2017\/12\/sesja-zdjeciowa-SoSpecial-stylistka-Asia-Lelejko-3.jpg 1365w\" sizes=\"(max-width: 200px) 100vw, 200px\" \/>\n\t\t\t<\/dt><\/dl><br style=\"clear: both\" \/>\n\t\t<\/div>\n\n<h3><strong>Stylizacja 2: SoSpecial Mother<\/strong><\/h3>\n\n\t\t<style type=\"text\/css\">\n\t\t\t#gallery-5 {\n\t\t\t\tmargin: auto;\n\t\t\t}\n\t\t\t#gallery-5 .gallery-item {\n\t\t\t\tfloat: left;\n\t\t\t\tmargin-top: 10px;\n\t\t\t\ttext-align: center;\n\t\t\t\twidth: 33%;\n\t\t\t}\n\t\t\t#gallery-5 img {\n\t\t\t\tborder: 2px solid #cfcfcf;\n\t\t\t}\n\t\t\t#gallery-5 .gallery-caption {\n\t\t\t\tmargin-left: 0;\n\t\t\t}\n\t\t\t\/* see gallery_shortcode() in wp-includes\/media.php *\/\n\t\t<\/style>\n\t\t<div id='gallery-5' class='gallery galleryid-2553 gallery-columns-3 gallery-size-thumbnail'><dl class='gallery-item'>\n\t\t\t<dt class='gallery-icon portrait'>\n\t\t\t\t<img width=\"200\" height=\"300\" src=\"https:\/\/sospecial.pl\/wp-content\/uploads\/2017\/12\/sesja-zdjeciowa-SoSpecial-stylistka-Asia-Lelejko-4-200x300.jpg\" class=\"attachment-thumbnail size-thumbnail\" alt=\"\" decoding=\"async\" srcset=\"https:\/\/sospecial.pl\/wp-content\/uploads\/2017\/12\/sesja-zdjeciowa-SoSpecial-stylistka-Asia-Lelejko-4-200x300.jpg 200w, https:\/\/sospecial.pl\/wp-content\/uploads\/2017\/12\/sesja-zdjeciowa-SoSpecial-stylistka-Asia-Lelejko-4-333x500.jpg 333w, https:\/\/sospecial.pl\/wp-content\/uploads\/2017\/12\/sesja-zdjeciowa-SoSpecial-stylistka-Asia-Lelejko-4-768x1152.jpg 768w, https:\/\/sospecial.pl\/wp-content\/uploads\/2017\/12\/sesja-zdjeciowa-SoSpecial-stylistka-Asia-Lelejko-4-683x1024.jpg 683w, https:\/\/sospecial.pl\/wp-content\/uploads\/2017\/12\/sesja-zdjeciowa-SoSpecial-stylistka-Asia-Lelejko-4-600x900.jpg 600w, https:\/\/sospecial.pl\/wp-content\/uploads\/2017\/12\/sesja-zdjeciowa-SoSpecial-stylistka-Asia-Lelejko-4.jpg 1365w\" sizes=\"(max-width: 200px) 100vw, 200px\" \/>\n\t\t\t<\/dt><\/dl><dl class='gallery-item'>\n\t\t\t<dt class='gallery-icon portrait'>\n\t\t\t\t<img width=\"200\" height=\"300\" src=\"https:\/\/sospecial.pl\/wp-content\/uploads\/2017\/12\/sesja-zdjeciowa-SoSpecial-stylistka-Asia-Lelejko-5-e1512425410619-200x300.jpg\" class=\"attachment-thumbnail size-thumbnail\" alt=\"\" decoding=\"async\" srcset=\"https:\/\/sospecial.pl\/wp-content\/uploads\/2017\/12\/sesja-zdjeciowa-SoSpecial-stylistka-Asia-Lelejko-5-e1512425410619-200x300.jpg 200w, https:\/\/sospecial.pl\/wp-content\/uploads\/2017\/12\/sesja-zdjeciowa-SoSpecial-stylistka-Asia-Lelejko-5-e1512425410619-334x500.jpg 334w, https:\/\/sospecial.pl\/wp-content\/uploads\/2017\/12\/sesja-zdjeciowa-SoSpecial-stylistka-Asia-Lelejko-5-e1512425410619-768x1151.jpg 768w, https:\/\/sospecial.pl\/wp-content\/uploads\/2017\/12\/sesja-zdjeciowa-SoSpecial-stylistka-Asia-Lelejko-5-e1512425410619-684x1024.jpg 684w, https:\/\/sospecial.pl\/wp-content\/uploads\/2017\/12\/sesja-zdjeciowa-SoSpecial-stylistka-Asia-Lelejko-5-e1512425410619-600x899.jpg 600w, https:\/\/sospecial.pl\/wp-content\/uploads\/2017\/12\/sesja-zdjeciowa-SoSpecial-stylistka-Asia-Lelejko-5-e1512425410619.jpg 1367w\" sizes=\"(max-width: 200px) 100vw, 200px\" \/>\n\t\t\t<\/dt><\/dl><dl class='gallery-item'>\n\t\t\t<dt class='gallery-icon portrait'>\n\t\t\t\t<img width=\"200\" height=\"300\" src=\"https:\/\/sospecial.pl\/wp-content\/uploads\/2017\/12\/sesja-zdjeciowa-SoSpecial-stylistka-Asia-Lelejko-8-200x300.jpg\" class=\"attachment-thumbnail size-thumbnail\" alt=\"\" decoding=\"async\" srcset=\"https:\/\/sospecial.pl\/wp-content\/uploads\/2017\/12\/sesja-zdjeciowa-SoSpecial-stylistka-Asia-Lelejko-8-200x300.jpg 200w, https:\/\/sospecial.pl\/wp-content\/uploads\/2017\/12\/sesja-zdjeciowa-SoSpecial-stylistka-Asia-Lelejko-8-333x500.jpg 333w, https:\/\/sospecial.pl\/wp-content\/uploads\/2017\/12\/sesja-zdjeciowa-SoSpecial-stylistka-Asia-Lelejko-8-768x1152.jpg 768w, https:\/\/sospecial.pl\/wp-content\/uploads\/2017\/12\/sesja-zdjeciowa-SoSpecial-stylistka-Asia-Lelejko-8-683x1024.jpg 683w, https:\/\/sospecial.pl\/wp-content\/uploads\/2017\/12\/sesja-zdjeciowa-SoSpecial-stylistka-Asia-Lelejko-8-600x900.jpg 600w, https:\/\/sospecial.pl\/wp-content\/uploads\/2017\/12\/sesja-zdjeciowa-SoSpecial-stylistka-Asia-Lelejko-8.jpg 1365w\" sizes=\"(max-width: 200px) 100vw, 200px\" \/>\n\t\t\t<\/dt><\/dl><br style=\"clear: both\" \/>\n\t\t<\/div>\n\n<h3><strong>Stylizacja 3: SoSpecial Businesswoman<\/strong><\/h3>\n\n\t\t<style type=\"text\/css\">\n\t\t\t#gallery-6 {\n\t\t\t\tmargin: auto;\n\t\t\t}\n\t\t\t#gallery-6 .gallery-item {\n\t\t\t\tfloat: left;\n\t\t\t\tmargin-top: 10px;\n\t\t\t\ttext-align: center;\n\t\t\t\twidth: 33%;\n\t\t\t}\n\t\t\t#gallery-6 img {\n\t\t\t\tborder: 2px solid #cfcfcf;\n\t\t\t}\n\t\t\t#gallery-6 .gallery-caption {\n\t\t\t\tmargin-left: 0;\n\t\t\t}\n\t\t\t\/* see gallery_shortcode() in wp-includes\/media.php *\/\n\t\t<\/style>\n\t\t<div id='gallery-6' class='gallery galleryid-2553 gallery-columns-3 gallery-size-thumbnail'><dl class='gallery-item'>\n\t\t\t<dt class='gallery-icon portrait'>\n\t\t\t\t<img width=\"200\" height=\"300\" src=\"https:\/\/sospecial.pl\/wp-content\/uploads\/2017\/12\/sesja-zdjeciowa-SoSpecial-stylistka-Asia-Lelejko-15-e1662410297696-200x300.jpg\" class=\"attachment-thumbnail size-thumbnail\" alt=\"\" decoding=\"async\" srcset=\"https:\/\/sospecial.pl\/wp-content\/uploads\/2017\/12\/sesja-zdjeciowa-SoSpecial-stylistka-Asia-Lelejko-15-e1662410297696-200x300.jpg 200w, https:\/\/sospecial.pl\/wp-content\/uploads\/2017\/12\/sesja-zdjeciowa-SoSpecial-stylistka-Asia-Lelejko-15-e1662410297696-334x500.jpg 334w, https:\/\/sospecial.pl\/wp-content\/uploads\/2017\/12\/sesja-zdjeciowa-SoSpecial-stylistka-Asia-Lelejko-15-e1662410297696-768x1151.jpg 768w, https:\/\/sospecial.pl\/wp-content\/uploads\/2017\/12\/sesja-zdjeciowa-SoSpecial-stylistka-Asia-Lelejko-15-e1662410297696-683x1024.jpg 683w, https:\/\/sospecial.pl\/wp-content\/uploads\/2017\/12\/sesja-zdjeciowa-SoSpecial-stylistka-Asia-Lelejko-15-e1662410297696-600x899.jpg 600w, https:\/\/sospecial.pl\/wp-content\/uploads\/2017\/12\/sesja-zdjeciowa-SoSpecial-stylistka-Asia-Lelejko-15-e1662410297696-1025x1536.jpg 1025w, https:\/\/sospecial.pl\/wp-content\/uploads\/2017\/12\/sesja-zdjeciowa-SoSpecial-stylistka-Asia-Lelejko-15-e1662410297696.jpg 1315w\" sizes=\"(max-width: 200px) 100vw, 200px\" \/>\n\t\t\t<\/dt><\/dl><dl class='gallery-item'>\n\t\t\t<dt class='gallery-icon portrait'>\n\t\t\t\t<img width=\"200\" height=\"300\" src=\"https:\/\/sospecial.pl\/wp-content\/uploads\/2017\/12\/sesja-zdjeciowa-SoSpecial-stylistka-Asia-Lelejko-14-e1662410334118-200x300.jpg\" class=\"attachment-thumbnail size-thumbnail\" alt=\"\" decoding=\"async\" srcset=\"https:\/\/sospecial.pl\/wp-content\/uploads\/2017\/12\/sesja-zdjeciowa-SoSpecial-stylistka-Asia-Lelejko-14-e1662410334118-200x300.jpg 200w, https:\/\/sospecial.pl\/wp-content\/uploads\/2017\/12\/sesja-zdjeciowa-SoSpecial-stylistka-Asia-Lelejko-14-e1662410334118-334x500.jpg 334w, https:\/\/sospecial.pl\/wp-content\/uploads\/2017\/12\/sesja-zdjeciowa-SoSpecial-stylistka-Asia-Lelejko-14-e1662410334118-768x1150.jpg 768w, https:\/\/sospecial.pl\/wp-content\/uploads\/2017\/12\/sesja-zdjeciowa-SoSpecial-stylistka-Asia-Lelejko-14-e1662410334118-684x1024.jpg 684w, https:\/\/sospecial.pl\/wp-content\/uploads\/2017\/12\/sesja-zdjeciowa-SoSpecial-stylistka-Asia-Lelejko-14-e1662410334118-600x899.jpg 600w, https:\/\/sospecial.pl\/wp-content\/uploads\/2017\/12\/sesja-zdjeciowa-SoSpecial-stylistka-Asia-Lelejko-14-e1662410334118-1026x1536.jpg 1026w, https:\/\/sospecial.pl\/wp-content\/uploads\/2017\/12\/sesja-zdjeciowa-SoSpecial-stylistka-Asia-Lelejko-14-e1662410334118.jpg 1336w\" sizes=\"(max-width: 200px) 100vw, 200px\" \/>\n\t\t\t<\/dt><\/dl><dl class='gallery-item'>\n\t\t\t<dt class='gallery-icon portrait'>\n\t\t\t\t<img width=\"200\" height=\"300\" src=\"https:\/\/sospecial.pl\/wp-content\/uploads\/2017\/12\/sesja-zdjeciowa-SoSpecial-stylistka-Asia-Lelejko-1-e1662410398718-200x300.jpg\" class=\"attachment-thumbnail size-thumbnail\" alt=\"\" decoding=\"async\" srcset=\"https:\/\/sospecial.pl\/wp-content\/uploads\/2017\/12\/sesja-zdjeciowa-SoSpecial-stylistka-Asia-Lelejko-1-e1662410398718-200x300.jpg 200w, https:\/\/sospecial.pl\/wp-content\/uploads\/2017\/12\/sesja-zdjeciowa-SoSpecial-stylistka-Asia-Lelejko-1-e1662410398718-333x500.jpg 333w, https:\/\/sospecial.pl\/wp-content\/uploads\/2017\/12\/sesja-zdjeciowa-SoSpecial-stylistka-Asia-Lelejko-1-e1662410398718-768x1153.jpg 768w, https:\/\/sospecial.pl\/wp-content\/uploads\/2017\/12\/sesja-zdjeciowa-SoSpecial-stylistka-Asia-Lelejko-1-e1662410398718-682x1024.jpg 682w, https:\/\/sospecial.pl\/wp-content\/uploads\/2017\/12\/sesja-zdjeciowa-SoSpecial-stylistka-Asia-Lelejko-1-e1662410398718-600x900.jpg 600w, https:\/\/sospecial.pl\/wp-content\/uploads\/2017\/12\/sesja-zdjeciowa-SoSpecial-stylistka-Asia-Lelejko-1-e1662410398718-1023x1536.jpg 1023w, https:\/\/sospecial.pl\/wp-content\/uploads\/2017\/12\/sesja-zdjeciowa-SoSpecial-stylistka-Asia-Lelejko-1-e1662410398718.jpg 1320w\" sizes=\"(max-width: 200px) 100vw, 200px\" \/>\n\t\t\t<\/dt><\/dl><br style=\"clear: both\" \/>\n\t\t<\/div>\n\n<h2><strong>Obejrzyj video z przebiegu metamorfozy:<\/strong><\/h2>\n<div class=\"fve-video-wrapper fve-image-embed fve-thumbnail-image youtube\" style=\"padding-bottom:75%;\">\n    <iframe src=\"\/\/www.youtube.com\/embed\/VbOmq7bIoUI?wmode=transparent&#038;modestbranding=1&#038;autohide=1&#038;showinfo=0&#038;rel=0\" width=\"100%\" height=\"100%\" frameborder=\"0\" webkitAllowFullScreen mozallowfullscreen allowFullScreen><\/iframe>    <\/div>\n<p>&nbsp;","protected":false},"excerpt":{"rendered":"<p>&nbsp; Stylizacja: SO SPECIAL Asia Lelejko Makija\u017c: Marta Kwieci\u0144ska, Kwieci\u0144ska Atelier Wiza\u017c Fryzura: Marta G\u00f3rska Hair Design Fotografia: Emilia Bartkowska Video: Tomek z Black Square Studio Miejsce: Hotel Indigo, Warszawa &nbsp; Stylizacja 1: SoSpecial Lady Stylizacja 2: SoSpecial Mother Stylizacja 3: SoSpecial Businesswoman Obejrzyj video z przebiegu metamorfozy: &nbsp;<\/p>\n","protected":false},"author":3,"featured_media":2637,"comment_status":"open","ping_status":"open","sticky":false,"template":"","format":"standard","meta":{"_exactmetrics_skip_tracking":false,"_exactmetrics_sitenote_active":false,"_exactmetrics_sitenote_note":"","_exactmetrics_sitenote_category":0,"footnotes":""},"categories":[2],"tags":[],"_links":{"self":[{"href":"https:\/\/sospecial.pl\/en\/wp-json\/wp\/v2\/posts\/2553"}],"collection":[{"href":"https:\/\/sospecial.pl\/en\/wp-json\/wp\/v2\/posts"}],"about":[{"href":"https:\/\/sospecial.pl\/en\/wp-json\/wp\/v2\/types\/post"}],"author":[{"embeddable":true,"href":"https:\/\/sospecial.pl\/en\/wp-json\/wp\/v2\/users\/3"}],"replies":[{"embeddable":true,"href":"https:\/\/sospecial.pl\/en\/wp-json\/wp\/v2\/comments?post=2553"}],"version-history":[{"count":16,"href":"https:\/\/sospecial.pl\/en\/wp-json\/wp\/v2\/posts\/2553\/revisions"}],"predecessor-version":[{"id":2656,"href":"https:\/\/sospecial.pl\/en\/wp-json\/wp\/v2\/posts\/2553\/revisions\/2656"}],"wp:featuredmedia":[{"embeddable":true,"href":"https:\/\/sospecial.pl\/en\/wp-json\/wp\/v2\/media\/2637"}],"wp:attachment":[{"href":"https:\/\/sospecial.pl\/en\/wp-json\/wp\/v2\/media?parent=2553"}],"wp:term":[{"taxonomy":"category","embeddable":true,"href":"https:\/\/sospecial.pl\/en\/wp-json\/wp\/v2\/categories?post=2553"},{"taxonomy":"post_tag","embeddable":true,"href":"https:\/\/sospecial.pl\/en\/wp-json\/wp\/v2\/tags?post=2553"}],"curies":[{"name":"wp","href":"https:\/\/api.w.org\/{rel}","templated":true}]}}