{"id":3333,"date":"2018-06-28T23:45:02","date_gmt":"2018-06-28T21:45:02","guid":{"rendered":"http:\/\/sospecial.pl\/?p=3333"},"modified":"2018-12-05T23:18:40","modified_gmt":"2018-12-05T22:18:40","slug":"zakupy-z-aktorka-elzbieta-jarosik","status":"publish","type":"post","link":"https:\/\/sospecial.pl\/en\/zakupy-z-aktorka-elzbieta-jarosik\/","title":{"rendered":"SHOPPING WITH AN ACTRESS, EL\u017bBIETA JAROSIK"},"content":{"rendered":"<p>&nbsp;<\/p>\n<p>Ostatnio mam zaszczyt wsp\u00f3\u0142pracowa\u0107 z osobami publicznymi ze \u015bwiata kultury i sztuki. Jedn\u0105 z os\u00f3b, kt\u00f3re stylizuj\u0119, jest niesamowita, utalentowana aktorka, \u00a0El\u017cbieta Jarosik, kt\u00f3r\u0105 mo\u017cna kojarzy\u0107 z wielu sztuk teatralnych oraz kultowego serialu &#8220;Niania&#8221; <span class=\"_5mfr _47e3\"><span class=\"_7oe\">\u2764<\/span><\/span>\u00a0Stylizacj\u0119 na wyj\u0105tkow\u0105 okazj\u0119 &#8211; wesele jej c\u00f3rki, opieramy o kimono od projektantki Joanny Hawrot, czarne, wyszywane w cekiny. W po\u0142\u0105czeniu z nowoczesnymi szpilkami, spodniami w kant oraz eleganck\u0105 bluzk\u0105 stworzy \u00a0stylow\u0105, nieco ekstrawaganck\u0105 i niestandardow\u0105 stylizacj\u0119 na wesele jej c\u00f3rki. W sam raz dla podkre\u015blaj\u0105c kreatywn\u0105 dusz\u0119 artystki.<\/p>\n\n\t\t<style type=\"text\/css\">\n\t\t\t#gallery-1 {\n\t\t\t\tmargin: auto;\n\t\t\t}\n\t\t\t#gallery-1 .gallery-item {\n\t\t\t\tfloat: left;\n\t\t\t\tmargin-top: 10px;\n\t\t\t\ttext-align: center;\n\t\t\t\twidth: 50%;\n\t\t\t}\n\t\t\t#gallery-1 img {\n\t\t\t\tborder: 2px solid #cfcfcf;\n\t\t\t}\n\t\t\t#gallery-1 .gallery-caption {\n\t\t\t\tmargin-left: 0;\n\t\t\t}\n\t\t\t\/* see gallery_shortcode() in wp-includes\/media.php *\/\n\t\t<\/style>\n\t\t<div id='gallery-1' class='gallery galleryid-3333 gallery-columns-2 gallery-size-thumbnail'><dl class='gallery-item'>\n\t\t\t<dt class='gallery-icon portrait'>\n\t\t\t\t<img width=\"225\" height=\"300\" src=\"https:\/\/sospecial.pl\/wp-content\/uploads\/2018\/07\/IMG_6905-3-225x300.jpg\" class=\"attachment-thumbnail size-thumbnail\" alt=\"\" decoding=\"async\" srcset=\"https:\/\/sospecial.pl\/wp-content\/uploads\/2018\/07\/IMG_6905-3-225x300.jpg 225w, https:\/\/sospecial.pl\/wp-content\/uploads\/2018\/07\/IMG_6905-3-375x500.jpg 375w, https:\/\/sospecial.pl\/wp-content\/uploads\/2018\/07\/IMG_6905-3.jpg 576w\" sizes=\"(max-width: 225px) 100vw, 225px\" \/>\n\t\t\t<\/dt><\/dl><dl class='gallery-item'>\n\t\t\t<dt class='gallery-icon portrait'>\n\t\t\t\t<img width=\"225\" height=\"300\" src=\"https:\/\/sospecial.pl\/wp-content\/uploads\/2018\/07\/IMG_6897-3-225x300.jpg\" class=\"attachment-thumbnail size-thumbnail\" alt=\"\" decoding=\"async\" srcset=\"https:\/\/sospecial.pl\/wp-content\/uploads\/2018\/07\/IMG_6897-3-225x300.jpg 225w, https:\/\/sospecial.pl\/wp-content\/uploads\/2018\/07\/IMG_6897-3-375x500.jpg 375w, https:\/\/sospecial.pl\/wp-content\/uploads\/2018\/07\/IMG_6897-3.jpg 576w\" sizes=\"(max-width: 225px) 100vw, 225px\" \/>\n\t\t\t<\/dt><\/dl><br style=\"clear: both\" \/>\n\t\t<\/div>\n\n","protected":false},"excerpt":{"rendered":"<p>&nbsp; Ostatnio mam zaszczyt wsp\u00f3\u0142pracowa\u0107 z osobami publicznymi ze \u015bwiata kultury i sztuki. Jedn\u0105 z os\u00f3b, kt\u00f3re stylizuj\u0119, jest niesamowita, utalentowana aktorka, \u00a0El\u017cbieta Jarosik, kt\u00f3r\u0105 mo\u017cna kojarzy\u0107 z wielu sztuk teatralnych oraz kultowego serialu &#8220;Niania&#8221; \u2764\u00a0Stylizacj\u0119 na wyj\u0105tkow\u0105 okazj\u0119 &#8211; wesele jej c\u00f3rki, opieramy o kimono od projektantki Joanny Hawrot, czarne, wyszywane w cekiny. W [&hellip;]<\/p>\n","protected":false},"author":3,"featured_media":3441,"comment_status":"open","ping_status":"open","sticky":false,"template":"","format":"standard","meta":{"_exactmetrics_skip_tracking":false,"_exactmetrics_sitenote_active":false,"_exactmetrics_sitenote_note":"","_exactmetrics_sitenote_category":0,"footnotes":""},"categories":[1,2],"tags":[],"_links":{"self":[{"href":"https:\/\/sospecial.pl\/en\/wp-json\/wp\/v2\/posts\/3333"}],"collection":[{"href":"https:\/\/sospecial.pl\/en\/wp-json\/wp\/v2\/posts"}],"about":[{"href":"https:\/\/sospecial.pl\/en\/wp-json\/wp\/v2\/types\/post"}],"author":[{"embeddable":true,"href":"https:\/\/sospecial.pl\/en\/wp-json\/wp\/v2\/users\/3"}],"replies":[{"embeddable":true,"href":"https:\/\/sospecial.pl\/en\/wp-json\/wp\/v2\/comments?post=3333"}],"version-history":[{"count":8,"href":"https:\/\/sospecial.pl\/en\/wp-json\/wp\/v2\/posts\/3333\/revisions"}],"predecessor-version":[{"id":3685,"href":"https:\/\/sospecial.pl\/en\/wp-json\/wp\/v2\/posts\/3333\/revisions\/3685"}],"wp:featuredmedia":[{"embeddable":true,"href":"https:\/\/sospecial.pl\/en\/wp-json\/wp\/v2\/media\/3441"}],"wp:attachment":[{"href":"https:\/\/sospecial.pl\/en\/wp-json\/wp\/v2\/media?parent=3333"}],"wp:term":[{"taxonomy":"category","embeddable":true,"href":"https:\/\/sospecial.pl\/en\/wp-json\/wp\/v2\/categories?post=3333"},{"taxonomy":"post_tag","embeddable":true,"href":"https:\/\/sospecial.pl\/en\/wp-json\/wp\/v2\/tags?post=3333"}],"curies":[{"name":"wp","href":"https:\/\/api.w.org\/{rel}","templated":true}]}}