{"id":3512,"date":"2018-10-20T02:43:36","date_gmt":"2018-10-20T00:43:36","guid":{"rendered":"http:\/\/sospecial.pl\/?p=3512"},"modified":"2018-12-12T01:49:29","modified_gmt":"2018-12-12T00:49:29","slug":"warsztaty","status":"publish","type":"post","link":"https:\/\/sospecial.pl\/en\/warsztaty\/","title":{"rendered":"PI\u0118KNIEJSZA WERSJA CIEBIE &#8211; WARSZTATY MODELOWANIA TWARZY I SYLWETKI"},"content":{"rendered":"&nbsp;<\/p>\n<p>Razem z niesamowicie utalentowan\u0105 i r\u00f3wnie sympatyczn\u0105 makija\u017cystk\u0105 Iwon\u0105 Sieprack\u0105 zapraszamy na ca\u0142odniowe warsztaty z modelowania sylwetki oraz twarzy za pomoc\u0105 stylizacji oraz makija\u017cu.<\/p>\n<p><strong>TERMIN: <\/strong>20 pa\u017adziernika godz. 10:00-17:00<\/p>\n<p><strong>MIEJSCE<\/strong>: Warszawa, Atelier Pi\u0119kna ul. Smulikowskiego 4 sala 320 pi\u0119tro 3<\/p>\n<p><strong>CENA PROMOCYJNA : 199 z\u0142<\/strong>\u00a0&#8211; do 10.10.2018 [wg daty dokonania przelewu przez uczestnika]\n<p><strong>CENA REGULARNA:<\/strong>\u00a0<strong>249 z\u0142\u00a0<\/strong>&#8211; od 11.10.2018<u><\/u><\/p>\n<p><em>!!! W cenie urodowy upominek &#8211; niespodzianka dla ka\u017cdej uczestniczki !!!<\/em><\/p>\n\n<div class=\"fve-video-wrapper fve-image-embed fve-thumbnail-image vimeo\" style=\"padding-bottom:0%;\">\n    <iframe src=\"\/\/player.vimeo.com\/video\/292905339?portrait=0&byline=0&title=0\" width=\"100%\" height=\"100%\" frameborder=\"0\" webkitAllowFullScreen mozallowfullscreen allowFullScreen><\/iframe>    <\/div>\n\n\n<h3><strong>ABY DOKONA\u0106 REZERWACJI NALE\u017bY DO DNIA 18.10.2018:<\/strong><\/h3>\n<ol>\n<li style=\"list-style-type: none;\">\n<ol>\n<li>Przes\u0142a\u0107 zg\u0142oszenie uczestnictwa drog\u0105 mailow\u0105 na adres <a href=\"mailto:SOSPECIALSTUDIO@GMAIL.COM\"><strong><u>SOSPECIALSTUDIO@GMAIL.COM<\/u><\/strong><\/a>\u00a0w tytule maila wpisuj\u0105c &#8220;WARSZTATY 20.10.2018&#8221; , za\u015b w jego tre\u015bci podaj\u0105c swoje imi\u0119, nazwisko, wiek oraz nr telefonu kom\u00f3rkowego<\/li>\n<li>Dokona\u0107 op\u0142aty za uczestnictwo w szkoleniu (do 10 pa\u017adziernika 199 z\u0142, p\u00f3\u017aniej 249 z\u0142) na konto firmowe w IDEA BANK ;<\/li>\n<\/ol>\n<\/li>\n<\/ol>\n<p><strong>Nr konta: 80 1950 0001 2006 0062 0689 0001<\/strong><br \/>\n<strong>Odbiorca: SO SPECIAL JOANNA LELEJKO<\/strong><br \/>\n<strong>TYTU\u0141EM: Rezerwacja Warsztaty 20.10.2018<\/strong><\/p>\n<p>Osoby korzystaj\u0105ce z oferty promocyjnej proszone s\u0105 o za\u0142\u0105czenie w mailu r\u00f3wnie\u017c potwierdzenia przelewu z uwagi na konieczno\u015b\u0107 weryfikacji daty dokonania przelewu.<\/p>\n<p>Ka\u017cda osoba, kt\u00f3ra dokona rezerwacji dostanie jej potwierdzenie drog\u0105 mailow\u0105 max. 2 dni po zaksi\u0119gowaniu wp\u0142aty na koncie bankowym.<\/p>\n<p>Masz pytania? Napisz na\u00a0<a href=\"SOSPECIALSTUDIO@GMAIL.COM\"><strong><u>SOSPECIALSTUDIO@GMAIL.COM<\/u><\/strong><\/a><\/p>\n<p>&nbsp;<\/p>\n<h2><strong>PLAN RAMOWY WARSZTAT\u00d3W:<\/strong><\/h2>\n<div class=\"gca-column one-half first\"><p><img decoding=\"async\"   class=\"alignnone size-medium wp-image-3521\" src=\"https:\/\/sospecial.pl\/wp-content\/uploads\/2018\/09\/IMG_5858-500x500.jpg\" alt=\"\" srcset=\"https:\/\/sospecial.pl\/wp-content\/uploads\/2018\/09\/IMG_5858-500x500.jpg 500w, https:\/\/sospecial.pl\/wp-content\/uploads\/2018\/09\/IMG_5858-300x300.jpg 300w, https:\/\/sospecial.pl\/wp-content\/uploads\/2018\/09\/IMG_5858-768x768.jpg 768w, https:\/\/sospecial.pl\/wp-content\/uploads\/2018\/09\/IMG_5858-1024x1024.jpg 1024w, https:\/\/sospecial.pl\/wp-content\/uploads\/2018\/09\/IMG_5858-600x600.jpg 600w\" sizes=\"(max-width: 500px) 100vw, 500px\" \/><\/p><\/div>\n<div class=\"gca-column one-half\"><h4><strong>STYLISTKA ASIA LELEJKO<\/strong><\/h4>\n<p>Z moj\u0105 pomoc\u0105 zidentyfikujesz sw\u00f3j typ sylwetki oraz dowiesz si\u0119 jak dzi\u0119ki ubraniom\u00a0skorygowa\u0107 proporcje cia\u0142a i uzyska\u0107\u2026<\/p>\n<ol>\n<li style=\"list-style-type: none;\">\n<ol>\n<li style=\"list-style-type: none;\">\n<ul>\n<li>pe\u0142ny biust &#8211; ko\u0142nierze, dekolty, klapy, \u017caboty, falbanki&#8230; nosi\u0107 czy nie nosi\u0107?<\/li>\n<li>p\u0142aski brzuch &#8211; czy pas faktycznie wyszczupla?<\/li>\n<li>szczup\u0142e uda i\u00a0idealne biodra &#8211; jak\u0105 sp\u00f3dnic\u0119 dobra\u0107 do sylwetki i czy kszta\u0142t nogawki spodni ma znaczenie?<\/li>\n<li>d\u0142ugie nogi &#8211;\u00a0jakiej wysoko\u015bci stan spodni wybra\u0107?<\/li>\n<li>smuklejsz\u0105 sylwetk\u0119 &#8211; OK, ciemne kolory i pod\u0142u\u017cne pasy &#8230; ale czy co\u015b jeszcze?<\/li>\n<\/ul>\n<\/li>\n<\/ol>\n<\/li>\n<\/ol><\/div>\n<ol>\n<li style=\"list-style-type: none;\">\n<ol>\n<li style=\"list-style-type: none;\">\n<ol>\n<li style=\"list-style-type: none;\"><\/li>\n<\/ol>\n<\/li>\n<\/ol>\n<\/li>\n<\/ol>\n<h4 style=\"text-align: left;\"><div class=\"gca-column one-half first\"><img decoding=\"async\"   class=\"alignnone size-medium wp-image-3607\" src=\"https:\/\/sospecial.pl\/wp-content\/uploads\/2018\/09\/174a_Sesja-MakeUp-1-e1538666780683-500x500.jpg\" alt=\"\" srcset=\"https:\/\/sospecial.pl\/wp-content\/uploads\/2018\/09\/174a_Sesja-MakeUp-1-e1538666780683-500x500.jpg 500w, https:\/\/sospecial.pl\/wp-content\/uploads\/2018\/09\/174a_Sesja-MakeUp-1-e1538666780683-300x300.jpg 300w, https:\/\/sospecial.pl\/wp-content\/uploads\/2018\/09\/174a_Sesja-MakeUp-1-e1538666780683-768x768.jpg 768w, https:\/\/sospecial.pl\/wp-content\/uploads\/2018\/09\/174a_Sesja-MakeUp-1-e1538666780683-1024x1024.jpg 1024w, https:\/\/sospecial.pl\/wp-content\/uploads\/2018\/09\/174a_Sesja-MakeUp-1-e1538666780683-600x600.jpg 600w\" sizes=\"(max-width: 500px) 100vw, 500px\" \/>\u00a0<\/div><\/h4>\n<div class=\"gca-column one-half\"><p><strong>MAKE-UP ARTIST IWONA SIEPRACKA<\/strong><\/p>\n<p>Podczas szkolenia dowiesz si\u0119 ode mnie jak wykona\u0107\u00a0perfekcyjny makija\u017c, czyli prawid\u0142owo:<\/p>\n<ol>\n<li style=\"list-style-type: none;\">\n<ol>\n<li style=\"list-style-type: none;\">\n<ul>\n<li><span style=\"font-size: medium;\">\u00a0przygotowa\u0107 twarz do makija\u017cu<\/span><\/li>\n<li>\u00a0wyr\u00f3wna\u0107 koloryt sk\u00f3ry i odpowiednio dobra\u0107 podk\u0142ad<\/li>\n<li>wymodelowa\u0107 oko<\/li>\n<li>podkre\u015bli\u0107 ko\u015bci policzkowe<\/li>\n<li>wykonturowa\u0107 nos<\/li>\n<li>przy pomocy kosmetyk\u00f3w uzyska\u0107 pi\u0119kne, powi\u0119kszone usta bez ig\u0142y<\/li>\n<li>wymodelowa\u0107 brwi<\/li>\n<li>utrwali\u0107 efekt makija\u017cu tak by trzyma\u0142 si\u0119 przez wiele godzin<\/div><\/li>\n<\/ul>\n<\/li>\n<\/ol>\n<\/li>\n<\/ol>\n<h3 style=\"text-align: center;\"><div class=\"gca-column one-half first\"><strong>Zapraszamy i do zobaczenia 20 pa\u017adziernika!<\/strong><\/div><\/h3>\n<div class=\"gca-column one-half\"><\/div>\n<div class=\"gca-column one-half first\"><img decoding=\"async\"   class=\"alignnone size-medium wp-image-3592\" src=\"https:\/\/sospecial.pl\/wp-content\/uploads\/2018\/09\/warsztaty2-kopia-3-478x500.jpg\" alt=\"\" srcset=\"https:\/\/sospecial.pl\/wp-content\/uploads\/2018\/09\/warsztaty2-kopia-3-478x500.jpg 478w, https:\/\/sospecial.pl\/wp-content\/uploads\/2018\/09\/warsztaty2-kopia-3-287x300.jpg 287w, https:\/\/sospecial.pl\/wp-content\/uploads\/2018\/09\/warsztaty2-kopia-3-768x803.jpg 768w, https:\/\/sospecial.pl\/wp-content\/uploads\/2018\/09\/warsztaty2-kopia-3-979x1024.jpg 979w, https:\/\/sospecial.pl\/wp-content\/uploads\/2018\/09\/warsztaty2-kopia-3-600x627.jpg 600w, https:\/\/sospecial.pl\/wp-content\/uploads\/2018\/09\/warsztaty2-kopia-3.jpg 1384w\" sizes=\"(max-width: 478px) 100vw, 478px\" \/><\/div>\n<div class=\"gca-column one-half\"><img decoding=\"async\"   class=\"alignnone size-medium wp-image-3591\" src=\"https:\/\/sospecial.pl\/wp-content\/uploads\/2018\/09\/warsztaty2-kopia-4-479x500.jpg\" alt=\"\" srcset=\"https:\/\/sospecial.pl\/wp-content\/uploads\/2018\/09\/warsztaty2-kopia-4-479x500.jpg 479w, https:\/\/sospecial.pl\/wp-content\/uploads\/2018\/09\/warsztaty2-kopia-4-287x300.jpg 287w, https:\/\/sospecial.pl\/wp-content\/uploads\/2018\/09\/warsztaty2-kopia-4-768x802.jpg 768w, https:\/\/sospecial.pl\/wp-content\/uploads\/2018\/09\/warsztaty2-kopia-4-980x1024.jpg 980w, https:\/\/sospecial.pl\/wp-content\/uploads\/2018\/09\/warsztaty2-kopia-4-600x627.jpg 600w, https:\/\/sospecial.pl\/wp-content\/uploads\/2018\/09\/warsztaty2-kopia-4.jpg 1385w\" sizes=\"(max-width: 479px) 100vw, 479px\" \/><\/div>\n<ol>\n<li style=\"list-style-type: none;\">\n<ol>\n<li style=\"list-style-type: none;\"><\/li>\n<\/ol>\n<\/li>\n<\/ol>\n<ol>\n<li style=\"list-style-type: none;\">\n<ol>\n<li style=\"list-style-type: none;\"><\/li>\n<\/ol>\n<\/li>\n<\/ol>","protected":false},"excerpt":{"rendered":"<p>&nbsp; Razem z niesamowicie utalentowan\u0105 i r\u00f3wnie sympatyczn\u0105 makija\u017cystk\u0105 Iwon\u0105 Sieprack\u0105 zapraszamy na ca\u0142odniowe warsztaty z modelowania sylwetki oraz twarzy za pomoc\u0105 stylizacji oraz makija\u017cu. TERMIN: 20 pa\u017adziernika godz. 10:00-17:00 MIEJSCE: Warszawa, Atelier Pi\u0119kna ul. Smulikowskiego 4 sala 320 pi\u0119tro 3 CENA PROMOCYJNA : 199 z\u0142\u00a0&#8211; do 10.10.2018 [wg daty dokonania przelewu przez uczestnika] CENA [&hellip;]<\/p>\n","protected":false},"author":3,"featured_media":3514,"comment_status":"open","ping_status":"open","sticky":false,"template":"","format":"standard","meta":{"_exactmetrics_skip_tracking":false,"_exactmetrics_sitenote_active":false,"_exactmetrics_sitenote_note":"","_exactmetrics_sitenote_category":0,"footnotes":""},"categories":[1,2],"tags":[],"_links":{"self":[{"href":"https:\/\/sospecial.pl\/en\/wp-json\/wp\/v2\/posts\/3512"}],"collection":[{"href":"https:\/\/sospecial.pl\/en\/wp-json\/wp\/v2\/posts"}],"about":[{"href":"https:\/\/sospecial.pl\/en\/wp-json\/wp\/v2\/types\/post"}],"author":[{"embeddable":true,"href":"https:\/\/sospecial.pl\/en\/wp-json\/wp\/v2\/users\/3"}],"replies":[{"embeddable":true,"href":"https:\/\/sospecial.pl\/en\/wp-json\/wp\/v2\/comments?post=3512"}],"version-history":[{"count":60,"href":"https:\/\/sospecial.pl\/en\/wp-json\/wp\/v2\/posts\/3512\/revisions"}],"predecessor-version":[{"id":3646,"href":"https:\/\/sospecial.pl\/en\/wp-json\/wp\/v2\/posts\/3512\/revisions\/3646"}],"wp:featuredmedia":[{"embeddable":true,"href":"https:\/\/sospecial.pl\/en\/wp-json\/wp\/v2\/media\/3514"}],"wp:attachment":[{"href":"https:\/\/sospecial.pl\/en\/wp-json\/wp\/v2\/media?parent=3512"}],"wp:term":[{"taxonomy":"category","embeddable":true,"href":"https:\/\/sospecial.pl\/en\/wp-json\/wp\/v2\/categories?post=3512"},{"taxonomy":"post_tag","embeddable":true,"href":"https:\/\/sospecial.pl\/en\/wp-json\/wp\/v2\/tags?post=3512"}],"curies":[{"name":"wp","href":"https:\/\/api.w.org\/{rel}","templated":true}]}}